{"id":18253,"date":"2018-10-02T08:57:02","date_gmt":"2018-10-02T11:57:02","guid":{"rendered":"https:\/\/tvtecjundiai.com.br\/news\/?p=18253"},"modified":"2018-10-02T08:57:02","modified_gmt":"2018-10-02T11:57:02","slug":"fundo-social-recebe-doacao-de-alimentos-e-brinquedos","status":"publish","type":"post","link":"https:\/\/tvtecjundiai.com.br\/news\/2018\/10\/02\/fundo-social-recebe-doacao-de-alimentos-e-brinquedos\/","title":{"rendered":"Fundo Social recebe doa\u00e7\u00e3o de alimentos e brinquedos"},"content":{"rendered":"<div id=\"attachment_18254\" style=\"width: 319px\" class=\"wp-caption alignleft\"><a href=\"https:\/\/tvtecjundiai.com.br\/news\/wp-content\/uploads\/sites\/2\/2018\/10\/doacao_alimentos_fundo_social_criarte-101.jpg\"><img loading=\"lazy\" decoding=\"async\" aria-describedby=\"caption-attachment-18254\" class=\"wp-image-18254\" src=\"https:\/\/tvtecjundiai.com.br\/news\/wp-content\/uploads\/sites\/2\/2018\/10\/doacao_alimentos_fundo_social_criarte-101-300x200.jpg\" alt=\"\" width=\"309\" height=\"206\" srcset=\"https:\/\/tvtecjundiai.com.br\/news\/wp-content\/uploads\/sites\/2\/2018\/10\/doacao_alimentos_fundo_social_criarte-101-300x200.jpg 300w, https:\/\/tvtecjundiai.com.br\/news\/wp-content\/uploads\/sites\/2\/2018\/10\/doacao_alimentos_fundo_social_criarte-101-768x512.jpg 768w, https:\/\/tvtecjundiai.com.br\/news\/wp-content\/uploads\/sites\/2\/2018\/10\/doacao_alimentos_fundo_social_criarte-101-1200x800.jpg 1200w, https:\/\/tvtecjundiai.com.br\/news\/wp-content\/uploads\/sites\/2\/2018\/10\/doacao_alimentos_fundo_social_criarte-101.jpg 1280w\" sizes=\"auto, (max-width: 309px) 100vw, 309px\" \/><\/a><p id=\"caption-attachment-18254\" class=\"wp-caption-text\">Primeira-dama e presidente do Fundo Social, Vanessa Machado recebeu a doa\u00e7\u00e3o dos alunos<\/p><\/div>\n<p>O Fundo Social de Solidariedade (Funss) recebeu\u00a0uma doa\u00e7\u00e3o de alimentos, produtos de limpeza e higiene e brinquedos da escola infantil Criarte, de Jundia\u00ed, nesta segunda-feira (1\u00ba).\u00a0Os produtos ser\u00e3o encaminhados ao Funss e ser\u00e3o doados \u00e0s fam\u00edlias em situa\u00e7\u00e3o de vulnerabilidade social cadastradas na entidade.<\/p>\n<p>Na ocasi\u00e3o, o prefeito destacou a import\u00e2ncia de iniciativas como estas, que incentivam entre as crian\u00e7as o exerc\u00edcio da cidadania. \u201c\u00c9 uma a\u00e7\u00e3o muito relevante porque provoca desde cedo nos alunos participantes o desejo de ajudar o pr\u00f3ximo. A doa\u00e7\u00e3o \u00e9 muito bem-vinda e vai ajudar muita gente\u201d, disse Luiz Fernando a um grupo de alunos da escola.<\/p>\n<p>Os produtos foram arrecadados durante tr\u00eas semanas entre os cerca de 380 alunos da Unidade I da Criarte, que completou 20 anos de exist\u00eancia nesta segunda-feira.<\/p>\n<p><em>(Fonte e Imagem: Prefeitura de Jundia\u00ed)<\/em><\/p>\n","protected":false},"excerpt":{"rendered":"<p>Os itens foram arrecadados durante tr\u00eas semanas por 380 alunos <\/p>\n","protected":false},"author":11,"featured_media":18254,"comment_status":"closed","ping_status":"closed","sticky":false,"template":"","format":"standard","meta":{"footnotes":""},"categories":[2834,1,2824],"tags":[2112,573,152,556],"class_list":["post-18253","post","type-post","status-publish","format-standard","has-post-thumbnail","hentry","category-cidades","category-noticias","category-variedades","tag-cidades","tag-doacoes","tag-fundo-social","tag-noticias"],"_links":{"self":[{"href":"https:\/\/tvtecjundiai.com.br\/news\/wp-json\/wp\/v2\/posts\/18253","targetHints":{"allow":["GET"]}}],"collection":[{"href":"https:\/\/tvtecjundiai.com.br\/news\/wp-json\/wp\/v2\/posts"}],"about":[{"href":"https:\/\/tvtecjundiai.com.br\/news\/wp-json\/wp\/v2\/types\/post"}],"author":[{"embeddable":true,"href":"https:\/\/tvtecjundiai.com.br\/news\/wp-json\/wp\/v2\/users\/11"}],"replies":[{"embeddable":true,"href":"https:\/\/tvtecjundiai.com.br\/news\/wp-json\/wp\/v2\/comments?post=18253"}],"version-history":[{"count":1,"href":"https:\/\/tvtecjundiai.com.br\/news\/wp-json\/wp\/v2\/posts\/18253\/revisions"}],"predecessor-version":[{"id":18255,"href":"https:\/\/tvtecjundiai.com.br\/news\/wp-json\/wp\/v2\/posts\/18253\/revisions\/18255"}],"wp:featuredmedia":[{"embeddable":true,"href":"https:\/\/tvtecjundiai.com.br\/news\/wp-json\/wp\/v2\/media\/18254"}],"wp:attachment":[{"href":"https:\/\/tvtecjundiai.com.br\/news\/wp-json\/wp\/v2\/media?parent=18253"}],"wp:term":[{"taxonomy":"category","embeddable":true,"href":"https:\/\/tvtecjundiai.com.br\/news\/wp-json\/wp\/v2\/categories?post=18253"},{"taxonomy":"post_tag","embeddable":true,"href":"https:\/\/tvtecjundiai.com.br\/news\/wp-json\/wp\/v2\/tags?post=18253"}],"curies":[{"name":"wp","href":"https:\/\/api.w.org\/{rel}","templated":true}]}}