{"id":18327,"date":"2018-10-03T07:57:08","date_gmt":"2018-10-03T10:57:08","guid":{"rendered":"https:\/\/tvtecjundiai.com.br\/news\/?p=18327"},"modified":"2018-10-03T10:47:42","modified_gmt":"2018-10-03T13:47:42","slug":"pat-divulga-vagas-disponiveis-em-jundiai-e-regiao-3-4","status":"publish","type":"post","link":"https:\/\/tvtecjundiai.com.br\/news\/2018\/10\/03\/pat-divulga-vagas-disponiveis-em-jundiai-e-regiao-3-4\/","title":{"rendered":"PAT divulga vagas dispon\u00edveis em Jundia\u00ed e regi\u00e3o (3)"},"content":{"rendered":"<p>Confira as vagas:<\/p>\n<div id=\"pagina-2\" class=\"pagina\">\n<div id=\"pat\">\n<ul>\n<li><strong>Auxiliar de manuten\u00e7\u00e3o Predial<\/strong>\u00a0(liberado em 02\/10\/2018) \u2013 6 meses de experi\u00eancia em CTPS; ensino m\u00e9dio completo; necess\u00e1rio NR 10; conhecimento de manuten\u00e7\u00e3o el\u00e9trica, hidr\u00e1ulica e ar condicionado; somente candidatos de Jundia\u00ed, V\u00e1rzea Paulista e Campo Limpo Paulista.<\/li>\n<li><strong>Inspetor de Seguran\u00e7a<\/strong>\u00a0(liberado em 02\/10\/2018) \u2013 6 meses de experi\u00eancia em CTPS; ensino m\u00e9dio completo; no\u00e7\u00f5es de informatica; somente candidatos de Jundia\u00ed.<\/li>\n<li><strong>Limpador de vidros<\/strong>\u00a0(liberado em 02\/10\/2018) \u2013 3 meses de experi\u00eancia em CTPS; ensino fundamental incompleto; somente candidatos de Jundia\u00ed; V\u00e1rzea Paulista e Campo Limpo Paulista.<\/li>\n<li><strong>Operador de empilhadeira<\/strong>\u00a0(liberado em 27\/09\/2018) \u2013 6 meses de experi\u00eancia em CTPS; ensino m\u00e9dio completo; necess\u00e1rio curso atualizado.<\/li>\n<li><strong>Vaga exclusiva PCD (Pessoas com Defici\u00eancia)<\/strong>\u00a0(liberado em 02\/10\/2018) \u2013 Auxiliar de Linha de Produ\u00e7\u00e3o &#8211; ensino fundamental completo; necess\u00e1rio laudo m\u00e9dico.<\/li>\n<li><strong>Vaga exclusiva PCD (Pessoas com Defici\u00eancia)<\/strong>\u00a0(liberado em 02\/10\/2018) \u2013 Atendente de lojas e Supermercado &#8211; ensino fundamental completo; necess\u00e1rio laudo m\u00e9dico.<\/li>\n<\/ul>\n<p>Os interessados devem comparecer \u00e0 rua Zacarias de Goes, 530 \u2013 Centro. O atendimento do PAT Jundia\u00ed \u00e9 feito de segunda a sexta-feira, das 8:00 \u00e0s 16:30 horas. \u00c9 necess\u00e1rio levar RG, CPF, carteira de trabalho, PIS ou cart\u00e3o do cidad\u00e3o.<\/p>\n<p>\u00daltima atualiza\u00e7\u00e3o em\u00a0<strong>03\/10\/2018 09:49<\/strong><\/p>\n<p><em>(Fonte: Prefeitura de Jundia\u00ed)<\/em><\/p>\n<\/div>\n<\/div>\n<div id=\"sidebar\" class=\"no-print\"><\/div>\n","protected":false},"excerpt":{"rendered":"<p>Pode haver altera\u00e7\u00e3o no quadro de disponibilidade durante a semana<\/p>\n","protected":false},"author":11,"featured_media":10772,"comment_status":"closed","ping_status":"closed","sticky":false,"template":"","format":"standard","meta":{"footnotes":""},"categories":[29,2829,1],"tags":[346,556,39,44],"class_list":["post-18327","post","type-post","status-publish","format-standard","has-post-thumbnail","hentry","category-destaque","category-economia","category-noticias","tag-economia","tag-noticias","tag-pat","tag-pat-jundiai"],"_links":{"self":[{"href":"https:\/\/tvtecjundiai.com.br\/news\/wp-json\/wp\/v2\/posts\/18327","targetHints":{"allow":["GET"]}}],"collection":[{"href":"https:\/\/tvtecjundiai.com.br\/news\/wp-json\/wp\/v2\/posts"}],"about":[{"href":"https:\/\/tvtecjundiai.com.br\/news\/wp-json\/wp\/v2\/types\/post"}],"author":[{"embeddable":true,"href":"https:\/\/tvtecjundiai.com.br\/news\/wp-json\/wp\/v2\/users\/11"}],"replies":[{"embeddable":true,"href":"https:\/\/tvtecjundiai.com.br\/news\/wp-json\/wp\/v2\/comments?post=18327"}],"version-history":[{"count":1,"href":"https:\/\/tvtecjundiai.com.br\/news\/wp-json\/wp\/v2\/posts\/18327\/revisions"}],"predecessor-version":[{"id":18328,"href":"https:\/\/tvtecjundiai.com.br\/news\/wp-json\/wp\/v2\/posts\/18327\/revisions\/18328"}],"wp:featuredmedia":[{"embeddable":true,"href":"https:\/\/tvtecjundiai.com.br\/news\/wp-json\/wp\/v2\/media\/10772"}],"wp:attachment":[{"href":"https:\/\/tvtecjundiai.com.br\/news\/wp-json\/wp\/v2\/media?parent=18327"}],"wp:term":[{"taxonomy":"category","embeddable":true,"href":"https:\/\/tvtecjundiai.com.br\/news\/wp-json\/wp\/v2\/categories?post=18327"},{"taxonomy":"post_tag","embeddable":true,"href":"https:\/\/tvtecjundiai.com.br\/news\/wp-json\/wp\/v2\/tags?post=18327"}],"curies":[{"name":"wp","href":"https:\/\/api.w.org\/{rel}","templated":true}]}}