{"id":1838,"date":"2017-10-18T11:43:03","date_gmt":"2017-10-18T13:43:03","guid":{"rendered":"https:\/\/tvtecjundiai.com.br\/news\/?p=1838"},"modified":"2017-10-18T11:43:37","modified_gmt":"2017-10-18T13:43:37","slug":"cidades-seguranca-alimentar-e-tema-de-seminario","status":"publish","type":"post","link":"https:\/\/tvtecjundiai.com.br\/news\/2017\/10\/18\/cidades-seguranca-alimentar-e-tema-de-seminario\/","title":{"rendered":"Cidades: Seguran\u00e7a Alimentar \u00e9 tema de semin\u00e1rio nesta quarta-feira (18)"},"content":{"rendered":"<p>\u201cMude o futuro da migra\u00e7\u00e3o. Investir na Seguran\u00e7a Alimentar e no Desenvolvimento Rural\u201d \u00e9 o nome do semin\u00e1rio que ser\u00e1 realizado nesta na quarta-feira (18), das 14 \u00e0s 17 horas, na C\u00faria Diocesana, como parte da Semana da Alimenta\u00e7\u00e3o Saud\u00e1vel iniciada segunda-feira (16).\u00a0Amanh\u00e3, o Centro de Refer\u00eancia de Assist\u00eancia Social (CRAS) do bairro Santa Gertrudes, promove uma oficina do sabor para as fam\u00edlias referenciadas, a partir das 14 horas.<\/p>\n<p>O evento foi aberto com a Oficina do Sabor, monitorada pela nutricionista Rita de Cassia Stringari de Francesco, da Unidade de Promo\u00e7\u00e3o da Sa\u00fade (UGPS) da Funda\u00e7\u00e3o Municipal de A\u00e7\u00e3o Social (Fumas), numa atividade voltada para os idosos que frequentam o o Centro de Conviv\u00eancia do Idoso (Criju). No mesmo dia, realizou-se oficina de Cozinha Enriquecida para as crian\u00e7as do Centro Comunit\u00e1rio S\u00e3o Francisco de Assis da C\u00e1ritas.\u00a0\u00a0O encerramento da Semana est\u00e1 previsto para esta sexta-feira (20), \u00e0s 14 horas, com fam\u00edlias referenciadas pelo Cras S\u00e3o Camilo, em uma roda de conversa sobre alimenta\u00e7\u00e3o saud\u00e1vel, na Fumas.<\/p>\n","protected":false},"excerpt":{"rendered":"<p>O evento d\u00e1 continuidade \u00e0 Semana da Alimenta\u00e7\u00e3o Saud\u00e1vel <\/p>\n","protected":false},"author":8,"featured_media":1839,"comment_status":"closed","ping_status":"closed","sticky":false,"template":"","format":"standard","meta":{"footnotes":""},"categories":[29,1],"tags":[1000,1001,998,997,999],"class_list":["post-1838","post","type-post","status-publish","format-standard","has-post-thumbnail","hentry","category-destaque","category-noticias","tag-caritas","tag-cras","tag-seguranca-alimentar","tag-semana-da-alimentacao-saudavel","tag-unidade-de-promocao-da-saude"],"_links":{"self":[{"href":"https:\/\/tvtecjundiai.com.br\/news\/wp-json\/wp\/v2\/posts\/1838","targetHints":{"allow":["GET"]}}],"collection":[{"href":"https:\/\/tvtecjundiai.com.br\/news\/wp-json\/wp\/v2\/posts"}],"about":[{"href":"https:\/\/tvtecjundiai.com.br\/news\/wp-json\/wp\/v2\/types\/post"}],"author":[{"embeddable":true,"href":"https:\/\/tvtecjundiai.com.br\/news\/wp-json\/wp\/v2\/users\/8"}],"replies":[{"embeddable":true,"href":"https:\/\/tvtecjundiai.com.br\/news\/wp-json\/wp\/v2\/comments?post=1838"}],"version-history":[{"count":2,"href":"https:\/\/tvtecjundiai.com.br\/news\/wp-json\/wp\/v2\/posts\/1838\/revisions"}],"predecessor-version":[{"id":1841,"href":"https:\/\/tvtecjundiai.com.br\/news\/wp-json\/wp\/v2\/posts\/1838\/revisions\/1841"}],"wp:featuredmedia":[{"embeddable":true,"href":"https:\/\/tvtecjundiai.com.br\/news\/wp-json\/wp\/v2\/media\/1839"}],"wp:attachment":[{"href":"https:\/\/tvtecjundiai.com.br\/news\/wp-json\/wp\/v2\/media?parent=1838"}],"wp:term":[{"taxonomy":"category","embeddable":true,"href":"https:\/\/tvtecjundiai.com.br\/news\/wp-json\/wp\/v2\/categories?post=1838"},{"taxonomy":"post_tag","embeddable":true,"href":"https:\/\/tvtecjundiai.com.br\/news\/wp-json\/wp\/v2\/tags?post=1838"}],"curies":[{"name":"wp","href":"https:\/\/api.w.org\/{rel}","templated":true}]}}