{"id":18392,"date":"2018-10-04T08:20:37","date_gmt":"2018-10-04T11:20:37","guid":{"rendered":"https:\/\/tvtecjundiai.com.br\/news\/?p=18392"},"modified":"2018-10-04T08:20:37","modified_gmt":"2018-10-04T11:20:37","slug":"plano-diretor-e-apresentado-aos-vereadores","status":"publish","type":"post","link":"https:\/\/tvtecjundiai.com.br\/news\/2018\/10\/04\/plano-diretor-e-apresentado-aos-vereadores\/","title":{"rendered":"Plano Diretor \u00e9 apresentado aos vereadores"},"content":{"rendered":"<p>O gestor da Unidade de Gest\u00e3o de Planejamento Urbano e Meio Ambiente (UGPUMA), Sin\u00e9sio Scarabello, esteve na C\u00e2mara de Jundia\u00ed, na manh\u00e3 de quarta-feira (3), para apresentar o Plano Diretor (Lei 8.683\/2016), os pontos que est\u00e3o sendo analisados e as propostas para modifica\u00e7\u00e3o aos vereadores que fazem parte da Comiss\u00e3o Especial de estudos das propostas de altera\u00e7\u00e3o do Plano Diretor.<\/p>\n<div id=\"attachment_18393\" style=\"width: 310px\" class=\"wp-caption alignright\"><a href=\"https:\/\/tvtecjundiai.com.br\/news\/wp-content\/uploads\/sites\/2\/2018\/10\/img_20181003_093000618.jpg\"><img loading=\"lazy\" decoding=\"async\" aria-describedby=\"caption-attachment-18393\" class=\"wp-image-18393 size-medium\" src=\"https:\/\/tvtecjundiai.com.br\/news\/wp-content\/uploads\/sites\/2\/2018\/10\/img_20181003_093000618-300x225.jpg\" alt=\"\" width=\"300\" height=\"225\" srcset=\"https:\/\/tvtecjundiai.com.br\/news\/wp-content\/uploads\/sites\/2\/2018\/10\/img_20181003_093000618-300x225.jpg 300w, https:\/\/tvtecjundiai.com.br\/news\/wp-content\/uploads\/sites\/2\/2018\/10\/img_20181003_093000618-768x576.jpg 768w, https:\/\/tvtecjundiai.com.br\/news\/wp-content\/uploads\/sites\/2\/2018\/10\/img_20181003_093000618-1200x900.jpg 1200w, https:\/\/tvtecjundiai.com.br\/news\/wp-content\/uploads\/sites\/2\/2018\/10\/img_20181003_093000618.jpg 1280w\" sizes=\"auto, (max-width: 300px) 100vw, 300px\" \/><\/a><p id=\"caption-attachment-18393\" class=\"wp-caption-text\">O gestor da UGPUMA, Sin\u00e9sio Scarabello, apresentou para vereadores e popula\u00e7\u00e3o as propostas para a revis\u00e3o do Plano Diretor<\/p><\/div>\n<p>\u201cO Plano Diretor deve minimizar conflitos e promover a conviv\u00eancia harmoniosa de forma que as propriedades cumpram suas fun\u00e7\u00f5es sociais, como bem \u00e9 definido pelo Estatuto das Cidades\u201d, detalhou o gestor, que esclareceu d\u00favidas dos vereadores integrantes da comiss\u00e3o.<\/p>\n<p>O gestor da UGPUMA adiantou que, com a finaliza\u00e7\u00e3o das 15 reuni\u00f5es realizadas de forma aberta para a participa\u00e7\u00e3o da sociedade, agora os t\u00e9cnicos da unidade trabalham para a elabora\u00e7\u00e3o de quadros de classifica\u00e7\u00e3o vi\u00e1ria e de solo al\u00e9m de inclus\u00e3o das propostas feitas e debatidas nos encontros com a popula\u00e7\u00e3o.<\/p>\n<p>\u201cA inten\u00e7\u00e3o \u00e9 que at\u00e9 o final do m\u00eas de outubro o processo esteja completo para a apresenta\u00e7\u00e3o dos conselhos municipais. S\u00f3 ap\u00f3s essa an\u00e1lise \u00e9 o que o texto seguir\u00e1 o tr\u00e2mite para a apresenta\u00e7\u00e3o \u00e0 C\u00e2mara, com audi\u00eancias p\u00fablicas\u201d, explicou.<\/p>\n<p><em>(Fonte e imagem: Prefeitura de Jundia\u00ed)<\/em><\/p>\n","protected":false},"excerpt":{"rendered":"<p>A apresenta\u00e7\u00e3o foi aberta ao p\u00fablico e foi transmitida pela TV C\u00e2mara<\/p>\n","protected":false},"author":11,"featured_media":18393,"comment_status":"closed","ping_status":"closed","sticky":false,"template":"","format":"standard","meta":{"footnotes":""},"categories":[2834,1,2824],"tags":[2112,556,1701],"class_list":["post-18392","post","type-post","status-publish","format-standard","has-post-thumbnail","hentry","category-cidades","category-noticias","category-variedades","tag-cidades","tag-noticias","tag-plano-diretor-de-jundiai"],"_links":{"self":[{"href":"https:\/\/tvtecjundiai.com.br\/news\/wp-json\/wp\/v2\/posts\/18392","targetHints":{"allow":["GET"]}}],"collection":[{"href":"https:\/\/tvtecjundiai.com.br\/news\/wp-json\/wp\/v2\/posts"}],"about":[{"href":"https:\/\/tvtecjundiai.com.br\/news\/wp-json\/wp\/v2\/types\/post"}],"author":[{"embeddable":true,"href":"https:\/\/tvtecjundiai.com.br\/news\/wp-json\/wp\/v2\/users\/11"}],"replies":[{"embeddable":true,"href":"https:\/\/tvtecjundiai.com.br\/news\/wp-json\/wp\/v2\/comments?post=18392"}],"version-history":[{"count":1,"href":"https:\/\/tvtecjundiai.com.br\/news\/wp-json\/wp\/v2\/posts\/18392\/revisions"}],"predecessor-version":[{"id":18394,"href":"https:\/\/tvtecjundiai.com.br\/news\/wp-json\/wp\/v2\/posts\/18392\/revisions\/18394"}],"wp:featuredmedia":[{"embeddable":true,"href":"https:\/\/tvtecjundiai.com.br\/news\/wp-json\/wp\/v2\/media\/18393"}],"wp:attachment":[{"href":"https:\/\/tvtecjundiai.com.br\/news\/wp-json\/wp\/v2\/media?parent=18392"}],"wp:term":[{"taxonomy":"category","embeddable":true,"href":"https:\/\/tvtecjundiai.com.br\/news\/wp-json\/wp\/v2\/categories?post=18392"},{"taxonomy":"post_tag","embeddable":true,"href":"https:\/\/tvtecjundiai.com.br\/news\/wp-json\/wp\/v2\/tags?post=18392"}],"curies":[{"name":"wp","href":"https:\/\/api.w.org\/{rel}","templated":true}]}}