{"id":18539,"date":"2018-10-07T10:26:54","date_gmt":"2018-10-07T13:26:54","guid":{"rendered":"https:\/\/tvtecjundiai.com.br\/news\/?p=18539"},"modified":"2018-10-07T10:31:02","modified_gmt":"2018-10-07T13:31:02","slug":"que-horas-comecam-a-sair-os-resultados-das-eleicoes-2018","status":"publish","type":"post","link":"https:\/\/tvtecjundiai.com.br\/news\/2018\/10\/07\/que-horas-comecam-a-sair-os-resultados-das-eleicoes-2018\/","title":{"rendered":"Que horas come\u00e7am a sair os resultados das elei\u00e7\u00f5es 2018?"},"content":{"rendered":"<p>Os primeiros n\u00fameros da elei\u00e7\u00e3o presidencial come\u00e7ar\u00e3o a ser divulgados a partir das 19 horas deste domingo (7). As parciais s\u00f3 podem ser divulgadas depois que todas as sess\u00f5es do territ\u00f3rio nacional s\u00e3o fechadas. Isso acontecer\u00e1 \u00e0s 19 horas de Bras\u00edlia, porque o Acre tem um fuso hor\u00e1rio diferente e come\u00e7a a vota\u00e7\u00e3o duas horas depois do hor\u00e1rio oficial da capital federal.<\/p>\n<p>J\u00e1 as parciais para as elei\u00e7\u00f5es de governadores, senadores e deputados federal e estadual come\u00e7ar\u00e3o a ser divulgadas momentos ap\u00f3s os fechamentos das sess\u00f5es \u00e0s 17 horas, nos hor\u00e1rios locais, segundo a Justi\u00e7a Eleitoral.<\/p>\n<p><em>(Fonte: Uol)<\/em><br \/>\n<em>(Imagem:\u00a0<a href=\"https:\/\/veja.abril.com.br\/politica\/conheca-a-preparacao-da-urna-eletronica-e-o-caminho-percorrido-pelo-voto\/\">Nelson Junior\/ASICS\/TSE\/Dedoc<\/a>)<\/em><\/p>\n","protected":false},"excerpt":{"rendered":"<p>Fuso hor\u00e1rio diferenciado do Acre altera hor\u00e1rio para in\u00edcio da apura\u00e7\u00e3o <\/p>\n","protected":false},"author":10,"featured_media":18540,"comment_status":"closed","ping_status":"closed","sticky":false,"template":"","format":"standard","meta":{"footnotes":""},"categories":[2834,29,2826],"tags":[4119,1903,1905,4118],"class_list":["post-18539","post","type-post","status-publish","format-standard","has-post-thumbnail","hentry","category-cidades","category-destaque","category-politica","tag-apuracao-eleicoes","tag-brasil","tag-eleicoes-2018","tag-eleicoes-brasil"],"_links":{"self":[{"href":"https:\/\/tvtecjundiai.com.br\/news\/wp-json\/wp\/v2\/posts\/18539","targetHints":{"allow":["GET"]}}],"collection":[{"href":"https:\/\/tvtecjundiai.com.br\/news\/wp-json\/wp\/v2\/posts"}],"about":[{"href":"https:\/\/tvtecjundiai.com.br\/news\/wp-json\/wp\/v2\/types\/post"}],"author":[{"embeddable":true,"href":"https:\/\/tvtecjundiai.com.br\/news\/wp-json\/wp\/v2\/users\/10"}],"replies":[{"embeddable":true,"href":"https:\/\/tvtecjundiai.com.br\/news\/wp-json\/wp\/v2\/comments?post=18539"}],"version-history":[{"count":1,"href":"https:\/\/tvtecjundiai.com.br\/news\/wp-json\/wp\/v2\/posts\/18539\/revisions"}],"predecessor-version":[{"id":18541,"href":"https:\/\/tvtecjundiai.com.br\/news\/wp-json\/wp\/v2\/posts\/18539\/revisions\/18541"}],"wp:featuredmedia":[{"embeddable":true,"href":"https:\/\/tvtecjundiai.com.br\/news\/wp-json\/wp\/v2\/media\/18540"}],"wp:attachment":[{"href":"https:\/\/tvtecjundiai.com.br\/news\/wp-json\/wp\/v2\/media?parent=18539"}],"wp:term":[{"taxonomy":"category","embeddable":true,"href":"https:\/\/tvtecjundiai.com.br\/news\/wp-json\/wp\/v2\/categories?post=18539"},{"taxonomy":"post_tag","embeddable":true,"href":"https:\/\/tvtecjundiai.com.br\/news\/wp-json\/wp\/v2\/tags?post=18539"}],"curies":[{"name":"wp","href":"https:\/\/api.w.org\/{rel}","templated":true}]}}