{"id":18553,"date":"2018-10-07T16:15:24","date_gmt":"2018-10-07T19:15:24","guid":{"rendered":"https:\/\/tvtecjundiai.com.br\/news\/?p=18553"},"modified":"2018-10-08T09:58:39","modified_gmt":"2018-10-08T12:58:39","slug":"justica-eleitoral-conta-com-18-milhao-de-mesarios","status":"publish","type":"post","link":"https:\/\/tvtecjundiai.com.br\/news\/2018\/10\/07\/justica-eleitoral-conta-com-18-milhao-de-mesarios\/","title":{"rendered":"TSE conta com trabalho de 1,8 milh\u00e3o de mes\u00e1rios"},"content":{"rendered":"<p>A cada dois anos, o esfor\u00e7o de cidad\u00e3os an\u00f4nimos permite que o Brasil fortale\u00e7a o seu sistema democr\u00e1tico elegendo os representantes da sociedade na pol\u00edtica. Nas elei\u00e7\u00f5es de domingo (7), cerca de 1,8 milh\u00e3o mes\u00e1rios trabalham, metade convocada pela Justi\u00e7a Eleitoral e outra metade que se ofereceu para a tarefa de forma volunt\u00e1ria.<\/p>\n<p><a href=\"https:\/\/tvtecjundiai.com.br\/news\/wp-content\/uploads\/sites\/2\/2018\/10\/eleiccca7occ83es-01-e1538919059157.jpg\"><img loading=\"lazy\" decoding=\"async\" class=\"wp-image-18540 alignleft\" src=\"https:\/\/tvtecjundiai.com.br\/news\/wp-content\/uploads\/sites\/2\/2018\/10\/eleiccca7occ83es-01-e1538919059157-300x220.jpg\" alt=\"\" width=\"415\" height=\"304\" srcset=\"https:\/\/tvtecjundiai.com.br\/news\/wp-content\/uploads\/sites\/2\/2018\/10\/eleiccca7occ83es-01-e1538919059157-300x220.jpg 300w, https:\/\/tvtecjundiai.com.br\/news\/wp-content\/uploads\/sites\/2\/2018\/10\/eleiccca7occ83es-01-e1538919059157-768x564.jpg 768w, https:\/\/tvtecjundiai.com.br\/news\/wp-content\/uploads\/sites\/2\/2018\/10\/eleiccca7occ83es-01-e1538919059157-1200x881.jpg 1200w, https:\/\/tvtecjundiai.com.br\/news\/wp-content\/uploads\/sites\/2\/2018\/10\/eleiccca7occ83es-01-e1538919059157.jpg 1256w\" sizes=\"auto, (max-width: 415px) 100vw, 415px\" \/><\/a><\/p>\n<p>O mes\u00e1rio \u00e9 o representante da Justi\u00e7a Eleitoral na se\u00e7\u00e3o de vota\u00e7\u00e3o. Cabe a ele receber e identificar os eleitores \u2013 seja pela verifica\u00e7\u00e3o de documentos e coleta de assinaturas, seja pela verifica\u00e7\u00e3o biom\u00e9trica \u2013, compor as mesas de votos e justificativas, fiscalizar e desempenhar tarefas log\u00edsticas e de organiza\u00e7\u00e3o da se\u00e7\u00e3o para a qual foi designado.<\/p>\n<p>A cada elei\u00e7\u00e3o, a Justi\u00e7a Eleitoral convoca eleitores maiores de 18 anos e em situa\u00e7\u00e3o regular para atuar no dia da vota\u00e7\u00e3o. A convoca\u00e7\u00e3o exclui candidatos e seus parentes, ainda que por afinidade, at\u00e9 o segundo grau, e seu c\u00f4njuge; membros de diret\u00f3rios de partidos pol\u00edticos, desde que exer\u00e7am fun\u00e7\u00e3o executiva; autoridades, agentes policiais e funcion\u00e1rios no desempenho de fun\u00e7\u00f5es de confian\u00e7a do Executivo; e funcion\u00e1rios do servi\u00e7o eleitoral.<\/p>\n<p>O eleitor que atua como mes\u00e1rio tem direito \u00e0 dispensa do servi\u00e7o pelo dobro de dias e ao desempate em concursos da Justi\u00e7a Eleitoral, quando prevista essa possibilidade no edital.<\/p>\n<p><b>Voluntariado<\/b><\/p>\n<p>Para ampliar a participa\u00e7\u00e3o de mes\u00e1rios volunt\u00e1rios nas elei\u00e7\u00f5es, a Justi\u00e7a Eleitoral criou o\u00a0Programa Mes\u00e1rio Volunt\u00e1rio, que incentiva a ades\u00e3o aos servi\u00e7os eleitorais de maneira consciente e espont\u00e2nea. Desde 2004, s\u00e3o desenvolvidas a\u00e7\u00f5es para estimular a coopera\u00e7\u00e3o do cidad\u00e3o com a realiza\u00e7\u00e3o das elei\u00e7\u00f5es. Os interessados podem buscar mais informa\u00e7\u00f5es nos sites dos tribunais regionais eleitorais ou com a \u00a0Ouvidoria do TSE.<\/p>\n<p><b>Treinamento<\/b><\/p>\n<p>Os mes\u00e1rios recebem treinamentos espec\u00edficos e orienta\u00e7\u00f5es de t\u00e9cnicos da Justi\u00e7a Eleitoral para que estejam preparados para atuar no dia das elei\u00e7\u00f5es. O treinamento ocorre de forma presencial e \u00e0 dist\u00e2ncia. Em 2018, cerca de 180 mil mes\u00e1rios fizeram treinamento \u00e0 dist\u00e2ncia. O aplicativo Mes\u00e1rio disponibiliza informa\u00e7\u00f5es complementares ao treinamento como manuais e v\u00eddeos de treinamento, passo a passo para preparar a se\u00e7\u00e3o eleitoral e uma s\u00e9rie de perguntas e respostas para orientar a atua\u00e7\u00e3o do mes\u00e1rio no dia do pleito.<\/p>\n<p><em>(Fonte: TSE)<\/em><\/p>\n","protected":false},"excerpt":{"rendered":"<p>Metade dos mes\u00e1rios foi convocada e outra metade foi volunt\u00e1ria<\/p>\n","protected":false},"author":8,"featured_media":18293,"comment_status":"closed","ping_status":"closed","sticky":false,"template":"","format":"standard","meta":{"footnotes":""},"categories":[1,2826],"tags":[1905,4120],"class_list":["post-18553","post","type-post","status-publish","format-standard","has-post-thumbnail","hentry","category-noticias","category-politica","tag-eleicoes-2018","tag-eleicoes-jundiai"],"_links":{"self":[{"href":"https:\/\/tvtecjundiai.com.br\/news\/wp-json\/wp\/v2\/posts\/18553","targetHints":{"allow":["GET"]}}],"collection":[{"href":"https:\/\/tvtecjundiai.com.br\/news\/wp-json\/wp\/v2\/posts"}],"about":[{"href":"https:\/\/tvtecjundiai.com.br\/news\/wp-json\/wp\/v2\/types\/post"}],"author":[{"embeddable":true,"href":"https:\/\/tvtecjundiai.com.br\/news\/wp-json\/wp\/v2\/users\/8"}],"replies":[{"embeddable":true,"href":"https:\/\/tvtecjundiai.com.br\/news\/wp-json\/wp\/v2\/comments?post=18553"}],"version-history":[{"count":6,"href":"https:\/\/tvtecjundiai.com.br\/news\/wp-json\/wp\/v2\/posts\/18553\/revisions"}],"predecessor-version":[{"id":18569,"href":"https:\/\/tvtecjundiai.com.br\/news\/wp-json\/wp\/v2\/posts\/18553\/revisions\/18569"}],"wp:featuredmedia":[{"embeddable":true,"href":"https:\/\/tvtecjundiai.com.br\/news\/wp-json\/wp\/v2\/media\/18293"}],"wp:attachment":[{"href":"https:\/\/tvtecjundiai.com.br\/news\/wp-json\/wp\/v2\/media?parent=18553"}],"wp:term":[{"taxonomy":"category","embeddable":true,"href":"https:\/\/tvtecjundiai.com.br\/news\/wp-json\/wp\/v2\/categories?post=18553"},{"taxonomy":"post_tag","embeddable":true,"href":"https:\/\/tvtecjundiai.com.br\/news\/wp-json\/wp\/v2\/tags?post=18553"}],"curies":[{"name":"wp","href":"https:\/\/api.w.org\/{rel}","templated":true}]}}