{"id":18575,"date":"2018-10-08T10:15:16","date_gmt":"2018-10-08T13:15:16","guid":{"rendered":"https:\/\/tvtecjundiai.com.br\/news\/?p=18575"},"modified":"2018-10-08T10:39:17","modified_gmt":"2018-10-08T13:39:17","slug":"em-13-estados-e-em-brasilia-havera-2-o-turno","status":"publish","type":"post","link":"https:\/\/tvtecjundiai.com.br\/news\/2018\/10\/08\/em-13-estados-e-em-brasilia-havera-2-o-turno\/","title":{"rendered":"Em 13 estados e em Bras\u00edlia, haver\u00e1 2.\u00ba turno"},"content":{"rendered":"<p>Para candidatos em 13 estados e no Distrito Federal, haver\u00e1 disputa, nos pr\u00f3ximos 20 dias, de olho no segundo turno (dia 28 de outubro) e com algumas peculiaridades, a participa\u00e7\u00e3o de nomes que n\u00e3o eram apontados entre os favoritos e outros que estavam na lideran\u00e7a e perderam o privil\u00e9gio na abertura das urnas.<\/p>\n<div id=\"attachment_18576\" style=\"width: 457px\" class=\"wp-caption alignright\"><a href=\"https:\/\/tvtecjundiai.com.br\/news\/wp-content\/uploads\/sites\/2\/2018\/10\/eleicao-df.jpg\"><img loading=\"lazy\" decoding=\"async\" aria-describedby=\"caption-attachment-18576\" class=\"wp-image-18576\" src=\"https:\/\/tvtecjundiai.com.br\/news\/wp-content\/uploads\/sites\/2\/2018\/10\/eleicao-df-300x200.jpg\" alt=\"\" width=\"447\" height=\"298\" srcset=\"https:\/\/tvtecjundiai.com.br\/news\/wp-content\/uploads\/sites\/2\/2018\/10\/eleicao-df-300x200.jpg 300w, https:\/\/tvtecjundiai.com.br\/news\/wp-content\/uploads\/sites\/2\/2018\/10\/eleicao-df.jpg 754w\" sizes=\"auto, (max-width: 447px) 100vw, 447px\" \/><\/a><p id=\"caption-attachment-18576\" class=\"wp-caption-text\">Eleitores de 13 estados e do DF retornam dia 28 aos postos de vota\u00e7\u00e3o<\/p><\/div>\n<p>Em Minas Gerais, no Distrito Federal e no Rio de Janeiro haver\u00e1 segundo turno com candidatos em primeiro lugar que n\u00e3o apareciam entre os favoritos. Em Minas, o candidato do Novo, Romeu Zema, conquistou o primeiro lugar, desbancando o governador, o petista Fernando Pimentel, que n\u00e3o conseguiu chegar ao segundo turno, e retirando do tucano Antonio Anastasia o favoritismo.<\/p>\n<p>No Rio de Janeiro, o candidato do PSC, Wilson Witzel, derrotou o ex-prefeito Eduardo Paes (MDB) e retirou do segundo turno o senador e ex-jogador de futebol Rom\u00e1rio (Podemos).<\/p>\n<p>No Distrito Federal, houve uma surpresa: Ibaneis, do MDB, que n\u00e3o aparecia nas pesquisas de inten\u00e7\u00e3o de votos, foi para a primeira posi\u00e7\u00e3o, mas o atual governador, Rodrigo Rollemberg (PSB), que aparecia em terceiro, conseguiu passar para o segundo turno.<\/p>\n<h4>Partidos<\/h4>\n<p>Com base nos dados divulgados, o PT e PSB elegeram tr\u00eas governadores cada. O DEM conquistou dois governos. Legendas que s\u00f3 obtiveram um eleito foram MDB, PP, PSD, PHS, PC do B.<\/p>\n<p>Como a disputa ainda n\u00e3o acabou, o quadro partid\u00e1rio ainda pode mudar, considerando ainda que h\u00e1 alian\u00e7as e acordos negociados para o segundo turno e os futuros governos.<\/p>\n<h4>Vitoriosos<\/h4>\n<p>Governadores de 13 estados sa\u00edram vitoriosos no primeiro turno: Acre, Alagoas, Bahia, Cear\u00e1, Esp\u00edrito Santo, Goi\u00e1s, Maranh\u00e3o, Mato Grosso, Para\u00edba, Pernambuco, Piau\u00ed, Paran\u00e1 e Tocantins.<\/p>\n<p><em>(Fonte: Ag\u00eancia Brasil)<\/em><\/p>\n","protected":false},"excerpt":{"rendered":"<p>Eleitores de 13 estados e do DF retornam dia 28 aos postos de vota\u00e7\u00e3o<\/p>\n","protected":false},"author":8,"featured_media":18472,"comment_status":"closed","ping_status":"closed","sticky":false,"template":"","format":"standard","meta":{"footnotes":""},"categories":[29,2826],"tags":[1905],"class_list":["post-18575","post","type-post","status-publish","format-standard","has-post-thumbnail","hentry","category-destaque","category-politica","tag-eleicoes-2018"],"_links":{"self":[{"href":"https:\/\/tvtecjundiai.com.br\/news\/wp-json\/wp\/v2\/posts\/18575","targetHints":{"allow":["GET"]}}],"collection":[{"href":"https:\/\/tvtecjundiai.com.br\/news\/wp-json\/wp\/v2\/posts"}],"about":[{"href":"https:\/\/tvtecjundiai.com.br\/news\/wp-json\/wp\/v2\/types\/post"}],"author":[{"embeddable":true,"href":"https:\/\/tvtecjundiai.com.br\/news\/wp-json\/wp\/v2\/users\/8"}],"replies":[{"embeddable":true,"href":"https:\/\/tvtecjundiai.com.br\/news\/wp-json\/wp\/v2\/comments?post=18575"}],"version-history":[{"count":3,"href":"https:\/\/tvtecjundiai.com.br\/news\/wp-json\/wp\/v2\/posts\/18575\/revisions"}],"predecessor-version":[{"id":18582,"href":"https:\/\/tvtecjundiai.com.br\/news\/wp-json\/wp\/v2\/posts\/18575\/revisions\/18582"}],"wp:featuredmedia":[{"embeddable":true,"href":"https:\/\/tvtecjundiai.com.br\/news\/wp-json\/wp\/v2\/media\/18472"}],"wp:attachment":[{"href":"https:\/\/tvtecjundiai.com.br\/news\/wp-json\/wp\/v2\/media?parent=18575"}],"wp:term":[{"taxonomy":"category","embeddable":true,"href":"https:\/\/tvtecjundiai.com.br\/news\/wp-json\/wp\/v2\/categories?post=18575"},{"taxonomy":"post_tag","embeddable":true,"href":"https:\/\/tvtecjundiai.com.br\/news\/wp-json\/wp\/v2\/tags?post=18575"}],"curies":[{"name":"wp","href":"https:\/\/api.w.org\/{rel}","templated":true}]}}