{"id":18583,"date":"2018-10-08T11:11:56","date_gmt":"2018-10-08T14:11:56","guid":{"rendered":"https:\/\/tvtecjundiai.com.br\/news\/?p=18583"},"modified":"2018-10-08T11:11:56","modified_gmt":"2018-10-08T14:11:56","slug":"eleicao-presidencial-do-brasil-repercute-no-mundo","status":"publish","type":"post","link":"https:\/\/tvtecjundiai.com.br\/news\/2018\/10\/08\/eleicao-presidencial-do-brasil-repercute-no-mundo\/","title":{"rendered":"Elei\u00e7\u00e3o presidencial do Brasil repercute no mundo"},"content":{"rendered":"<div id=\"attachment_18587\" style=\"width: 483px\" class=\"wp-caption alignleft\"><a href=\"https:\/\/tvtecjundiai.com.br\/news\/wp-content\/uploads\/sites\/2\/2018\/10\/ministros-tse.jpg\"><img loading=\"lazy\" decoding=\"async\" aria-describedby=\"caption-attachment-18587\" class=\"wp-image-18587\" src=\"https:\/\/tvtecjundiai.com.br\/news\/wp-content\/uploads\/sites\/2\/2018\/10\/ministros-tse-300x200.jpg\" alt=\"\" width=\"473\" height=\"315\" srcset=\"https:\/\/tvtecjundiai.com.br\/news\/wp-content\/uploads\/sites\/2\/2018\/10\/ministros-tse-300x200.jpg 300w, https:\/\/tvtecjundiai.com.br\/news\/wp-content\/uploads\/sites\/2\/2018\/10\/ministros-tse-768x512.jpg 768w, https:\/\/tvtecjundiai.com.br\/news\/wp-content\/uploads\/sites\/2\/2018\/10\/ministros-tse.jpg 1140w\" sizes=\"auto, (max-width: 473px) 100vw, 473px\" \/><\/a><p id=\"caption-attachment-18587\" class=\"wp-caption-text\">Ministros do TSE divulgam resultado do 1.\u00ba turno da elei\u00e7\u00e3o presidencial<\/p><\/div>\n<p>O resultado do primeiro turno das elei\u00e7\u00f5es presidenciais no Brasil \u00e9 destaque nos principais jornais do mundo nesta segunda-feira (8). Em manchetes, a imprensa internacional ressaltou a surpresa com a conquista de Jair Bolsonaro (PSL), que obteve quase metade dos votos entre os eleitores brasileiros.<\/p>\n<p>No\u00a0<em>The Washington Post<\/em>, reportagem afirma que a campanha de Bolsonaro dividiu a maior na\u00e7\u00e3o da Am\u00e9rica Latina &#8220;ao longo de linhas raciais e de g\u00eanero&#8221; e lembra que, muitas vezes, &#8220;o candidato do PSL \u00e9 comparado ao presidente norte-americano Donald Trump&#8221;.<\/p>\n<p>O<em>\u00a0The New York Times\u00a0<\/em>destacou que \u201co candidato de extrema direita que falou com carinho da antiga ditadura militar do Brasil e teceu coment\u00e1rios ofensivos sobre mulheres, negros e gays chegou perto de uma vit\u00f3ria na elei\u00e7\u00e3o presidencial de domingo.\u201d A reportagem aponta, ainda, para um cen\u00e1rio brasileiro marcado pela repulsa da popula\u00e7\u00e3o \u00e0 pol\u00edtica e de defesa do combate \u00e0 criminalidade e \u00e0 corrup\u00e7\u00e3o.<\/p>\n<p>Em tom mais ameno, a emissora p\u00fablica\u00a0<em>BBC<\/em>, do Reino Unido, estampa em sua p\u00e1gina na internet a disputa, em segundo turno, entre Bolsonaro e Fernando Haddad, marcada para 28 de outubro. O mexicano\u00a0<em>La Jornada<\/em>\u00a0destaca a \u201cdist\u00e2ncia confort\u00e1vel\u201d que Bolsonaro teve em rela\u00e7\u00e3o a Haddad. Segundo o jornal, \u201cser\u00e1 dif\u00edcil para a esquerda reverter o resultado na elei\u00e7\u00e3o presidencial.\u201d O jornal aponta as v\u00e1rias surpresas negativas para a esquerda durante o pleito, citando as derrotas para o Senado do veterano Eduardo Suplicy, por S\u00e3o Paulo e, em Minas Gerais, da ex-presidente Dilma Rousseff.<\/p>\n<h4>Vizinhos<\/h4>\n<p>Entre jornais sul-americanos, o argentino<em>\u00a0Clar\u00edn<\/em>, de Buenos Aires, estampa a manchete \u201c<em>Jair Bolsonaro varre o Brasil e fica com ampla vantagem para a vota\u00e7\u00e3o com Fernando Haddad\u201d<\/em>. O jornal destaca que o ex-capit\u00e3o do Ex\u00e9rcito fechou o <em>score<\/em> com uma diferen\u00e7a de quase 17 pontos, o que pode revelar uma tend\u00eancia sobre o segundo turno.<\/p>\n<p>O peri\u00f3dico tamb\u00e9m veiculou a mensagem transmitida pelo ex-presidente Luiz In\u00e1cio Lula da Silva aos seus seguidores, na qual afirma que o Brasil caminha para \u201co di\u00e1logo e respeito\u201d e aposta que \u201ca esperan\u00e7a superar\u00e1 o \u00f3dio\u201d.<\/p>\n<h4>Europa<\/h4>\n<p>O jornal portugu\u00eas\u00a0<em>Di\u00e1rio de Not\u00edcias<\/em>\u00a0mostra um <em>\u201cBrasil partido ao meio\u201d<\/em> e destaca que faltou pouco para o candidato Jair Bolsonaro vencer em primeiro turno. O jornal\u00a0<em>P\u00fablico<\/em>\u00a0tamb\u00e9m estampou que o Brasil deixou Bolsonaro com um p\u00e9 na presid\u00eancia. Mais cr\u00edtico, o franc\u00eas<em>\u00a0Le Monde\u00a0<\/em>descreve a conquista da maior parte dos votos pelo candidato \u201cnost\u00e1lgico da ditadura militar, \u00e0s vezes rude, racista ou homof\u00f3bico\u201d.<\/p>\n<p>Lembra, ainda, o momento em que os holofotes da pol\u00edtica se viraram para Bolsonaro, durante a sess\u00e3o no Congresso, em abril de 2016, quando, ao votar a favor do impeachment de Dilma Rousseff (PT) ,dedicou sua escolha &#8220;em mem\u00f3ria do coronel Carlos Alberto Brilhante Ustra&#8221;, acusado de ser um dos torturadores da ditadura militar.<\/p>\n<p>O\u00a0<em>El Pa\u00eds<\/em>, da Espanha, reservou o maior espa\u00e7o ao assunto entre todas as publica\u00e7\u00f5es, classificando o resultado como uma \u201conda conservadora que tomou o pa\u00eds e garantiu ampla vantagem a Bolsonaro no segundo turno para se tornar o pr\u00f3ximo presidente do Brasil.\u201d A publica\u00e7\u00e3o ressalta a polariza\u00e7\u00e3o aguda entre os presidenci\u00e1veis, comparando com \u201c\u00e1gua e \u00f3leo\u201d e considera o pleito como uma das elei\u00e7\u00f5es mais emocionantes da hist\u00f3ria democr\u00e1tica.<\/p>\n<h4>Barricada<\/h4>\n<p>O jornal espanhol tamb\u00e9m traz manchetes com o posicionamento da regi\u00e3o Nordeste, \u201ca barricada do PT\u201d e as perdas do partido de esquerda como a derrota de Dilma Rousseff ao Senado por Minas Gerais. Os tucanos tamb\u00e9m aparecem nas mat\u00e9rias do El Pa\u00eds, que destaca derrotas como no comando do estado de Mato Grosso e a luta por votos que o PSDB ainda espera conquistar em seis estados.<br \/>\nO ingl\u00eas\u00a0<em>The Times<\/em>\u00a0mostrou que \u201co Brasil chegou perto de eleger um presidente de extrema direita\u201d revelando uma onda de apoio ao populista, considerado a resposta da Am\u00e9rica Latina a Donald Trump\u201d.<\/p>\n<p>Tamb\u00e9m da Inglaterra, o\u00a0<em>The Guardian\u00a0<\/em>lembra que Bolsonaro venceu em n\u00famero de votos, mas n\u00e3o teve ainda a vit\u00f3ria e comparou a campanha \u201cimprov\u00e1vel e eletrizante do candidato de extrema-direita a \u201cqualquer telenovela brasileira\u201d.<\/p>\n<p>O italiano<em>\u00a0L`Opinione<\/em>\u00a0e, na Alemanha, a\u00a0<em>Deutsche Welle<\/em>\u00a0(DW), lembraram que o Brasil ter\u00e1 que definir o futuro presidente em um segundo turno e destacaram os percentuais de votos dos dois presidenci\u00e1veis. O mesmo destaque foi dado pelo\u00a0<em>China Daily<\/em>, do outro lado do mundo.<\/p>\n<p><em>(Fonte: Ag\u00eancia Brasil)<\/em><\/p>\n","protected":false},"excerpt":{"rendered":"<p>As elei\u00e7\u00f5es no Brasil ocuparam manchetes dos grandes jornais internacionais<\/p>\n","protected":false},"author":8,"featured_media":18594,"comment_status":"closed","ping_status":"closed","sticky":false,"template":"","format":"standard","meta":{"footnotes":""},"categories":[29,1,2826],"tags":[1905,4122],"class_list":["post-18583","post","type-post","status-publish","format-standard","has-post-thumbnail","hentry","category-destaque","category-noticias","category-politica","tag-eleicoes-2018","tag-eleicoes-2018-repercussao-internacional"],"_links":{"self":[{"href":"https:\/\/tvtecjundiai.com.br\/news\/wp-json\/wp\/v2\/posts\/18583","targetHints":{"allow":["GET"]}}],"collection":[{"href":"https:\/\/tvtecjundiai.com.br\/news\/wp-json\/wp\/v2\/posts"}],"about":[{"href":"https:\/\/tvtecjundiai.com.br\/news\/wp-json\/wp\/v2\/types\/post"}],"author":[{"embeddable":true,"href":"https:\/\/tvtecjundiai.com.br\/news\/wp-json\/wp\/v2\/users\/8"}],"replies":[{"embeddable":true,"href":"https:\/\/tvtecjundiai.com.br\/news\/wp-json\/wp\/v2\/comments?post=18583"}],"version-history":[{"count":1,"href":"https:\/\/tvtecjundiai.com.br\/news\/wp-json\/wp\/v2\/posts\/18583\/revisions"}],"predecessor-version":[{"id":18596,"href":"https:\/\/tvtecjundiai.com.br\/news\/wp-json\/wp\/v2\/posts\/18583\/revisions\/18596"}],"wp:featuredmedia":[{"embeddable":true,"href":"https:\/\/tvtecjundiai.com.br\/news\/wp-json\/wp\/v2\/media\/18594"}],"wp:attachment":[{"href":"https:\/\/tvtecjundiai.com.br\/news\/wp-json\/wp\/v2\/media?parent=18583"}],"wp:term":[{"taxonomy":"category","embeddable":true,"href":"https:\/\/tvtecjundiai.com.br\/news\/wp-json\/wp\/v2\/categories?post=18583"},{"taxonomy":"post_tag","embeddable":true,"href":"https:\/\/tvtecjundiai.com.br\/news\/wp-json\/wp\/v2\/tags?post=18583"}],"curies":[{"name":"wp","href":"https:\/\/api.w.org\/{rel}","templated":true}]}}