{"id":18814,"date":"2018-10-11T10:45:14","date_gmt":"2018-10-11T13:45:14","guid":{"rendered":"https:\/\/tvtecjundiai.com.br\/news\/?p=18814"},"modified":"2018-10-11T10:45:14","modified_gmt":"2018-10-11T13:45:14","slug":"frente-fria-chega-a-jundiai-no-feriado","status":"publish","type":"post","link":"https:\/\/tvtecjundiai.com.br\/news\/2018\/10\/11\/frente-fria-chega-a-jundiai-no-feriado\/","title":{"rendered":"Frente fria chega \u00e0 Jundia\u00ed no feriado"},"content":{"rendered":"<p>A passagem de uma frente fria muda a dire\u00e7\u00e3o dos ventos no feriado, que passam a trazer um ar mais frio e \u00famido do oceano para o leste de S\u00e3o Paulo. Toda a regi\u00e3o metropolitana fica nublada com previs\u00e3o de chuva e queda nas temperaturas nesta quinta-feira (11).\u00a0Ao longo do dia, a expectativa \u00e9 de chuva fraca a moderada e a temperatura m\u00e1xima cai bastante.<\/p>\n<div id=\"attachment_18815\" style=\"width: 410px\" class=\"wp-caption alignright\"><a href=\"https:\/\/tvtecjundiai.com.br\/news\/wp-content\/uploads\/sites\/2\/2018\/10\/chuva-sao-paulo-1200x600.jpg\"><img loading=\"lazy\" decoding=\"async\" aria-describedby=\"caption-attachment-18815\" class=\"wp-image-18815\" src=\"https:\/\/tvtecjundiai.com.br\/news\/wp-content\/uploads\/sites\/2\/2018\/10\/chuva-sao-paulo-1200x600-300x150.jpg\" alt=\"\" width=\"400\" height=\"200\" srcset=\"https:\/\/tvtecjundiai.com.br\/news\/wp-content\/uploads\/sites\/2\/2018\/10\/chuva-sao-paulo-1200x600-300x150.jpg 300w, https:\/\/tvtecjundiai.com.br\/news\/wp-content\/uploads\/sites\/2\/2018\/10\/chuva-sao-paulo-1200x600-768x384.jpg 768w, https:\/\/tvtecjundiai.com.br\/news\/wp-content\/uploads\/sites\/2\/2018\/10\/chuva-sao-paulo-1200x600.jpg 1200w\" sizes=\"auto, (max-width: 400px) 100vw, 400px\" \/><\/a><p id=\"caption-attachment-18815\" class=\"wp-caption-text\">Frente fria chega ao estado de S\u00e3o Paulo no feriado<\/p><\/div>\n<p>O feriado prolongado de 12 de outubro\u00a0deve come\u00e7ar \u00famido e com condi\u00e7\u00f5es de chuva na Grande S\u00e3o Paulo. Assim como no litoral, o s\u00e1bado promete mais sol e h\u00e1 previs\u00e3o de pancadas de chuva entre \u00e0 tarde e a noite. A instabilidade volta a se intensificar no domingo, com chuva a qualquer hora na regi\u00e3o.<\/p>\n<p>Ainda existem \u00e1reas de instabilidade pelo interior de S\u00e3o Paulo, que ganham um refor\u00e7o da frente fria. O tempo continua abafado, com alguns per\u00edodos de sol e h\u00e1 previs\u00e3o de mais pancadas de chuva para tarde e noite desta quinta-feira. A chuva pode ser moderada \u00e0 tarde, acompanhada por raios.<\/p>\n<p>Jundia\u00ed permanece chuvosa durante o feriado e o fim de semana e, de acordo com a previs\u00e3o estendida do Climatempo, as chuvas seguem pelo menos at\u00e9 dia 18 de outubro na cidade e as temperaturas podem voltar a cair a partir deste per\u00edodo do m\u00eas.<\/p>\n<p><em>(Fonte: Climatempo)<br \/>\n(Imagem:\u00a0<a href=\"https:\/\/www.metrojornal.com.br\/foco\/2017\/06\/05\/cidade-de-sao-paulo-entra-em-estado-de-atencao-por-causa-da-chuva.html\">Renato S. Cerqueira\/Futura Press<\/a>)<\/em><\/p>\n","protected":false},"excerpt":{"rendered":"<p>Cidade permanecer\u00e1 chuvosa at\u00e9 o fim da pr\u00f3xima semana<\/p>\n","protected":false},"author":10,"featured_media":18815,"comment_status":"closed","ping_status":"closed","sticky":false,"template":"","format":"standard","meta":{"footnotes":""},"categories":[2834,3185],"tags":[1973,3190,5,2921],"class_list":["post-18814","post","type-post","status-publish","format-standard","has-post-thumbnail","hentry","category-cidades","category-clima","tag-chuva","tag-climatempo","tag-jundiai","tag-previsao-do-tempo"],"_links":{"self":[{"href":"https:\/\/tvtecjundiai.com.br\/news\/wp-json\/wp\/v2\/posts\/18814","targetHints":{"allow":["GET"]}}],"collection":[{"href":"https:\/\/tvtecjundiai.com.br\/news\/wp-json\/wp\/v2\/posts"}],"about":[{"href":"https:\/\/tvtecjundiai.com.br\/news\/wp-json\/wp\/v2\/types\/post"}],"author":[{"embeddable":true,"href":"https:\/\/tvtecjundiai.com.br\/news\/wp-json\/wp\/v2\/users\/10"}],"replies":[{"embeddable":true,"href":"https:\/\/tvtecjundiai.com.br\/news\/wp-json\/wp\/v2\/comments?post=18814"}],"version-history":[{"count":1,"href":"https:\/\/tvtecjundiai.com.br\/news\/wp-json\/wp\/v2\/posts\/18814\/revisions"}],"predecessor-version":[{"id":18816,"href":"https:\/\/tvtecjundiai.com.br\/news\/wp-json\/wp\/v2\/posts\/18814\/revisions\/18816"}],"wp:featuredmedia":[{"embeddable":true,"href":"https:\/\/tvtecjundiai.com.br\/news\/wp-json\/wp\/v2\/media\/18815"}],"wp:attachment":[{"href":"https:\/\/tvtecjundiai.com.br\/news\/wp-json\/wp\/v2\/media?parent=18814"}],"wp:term":[{"taxonomy":"category","embeddable":true,"href":"https:\/\/tvtecjundiai.com.br\/news\/wp-json\/wp\/v2\/categories?post=18814"},{"taxonomy":"post_tag","embeddable":true,"href":"https:\/\/tvtecjundiai.com.br\/news\/wp-json\/wp\/v2\/tags?post=18814"}],"curies":[{"name":"wp","href":"https:\/\/api.w.org\/{rel}","templated":true}]}}