{"id":19015,"date":"2018-10-18T14:13:07","date_gmt":"2018-10-18T17:13:07","guid":{"rendered":"https:\/\/tvtecjundiai.com.br\/news\/?p=19015"},"modified":"2018-10-25T09:55:43","modified_gmt":"2018-10-25T11:55:43","slug":"tvtec-abre-inscricoes-para-dois-cursos-gratuitos-na-quinta-25","status":"publish","type":"post","link":"https:\/\/tvtecjundiai.com.br\/news\/2018\/10\/18\/tvtec-abre-inscricoes-para-dois-cursos-gratuitos-na-quinta-25\/","title":{"rendered":"TVTEC abre inscri\u00e7\u00f5es para cursos gratuitos na quinta (25)"},"content":{"rendered":"<p>A partir da quinta-feira (25), e tamb\u00e9m na sexta (26), estar\u00e3o abertas as inscri\u00e7\u00f5es para dois cursos gratuitos da Rede TVTEC: Fotografia Digital, com 20 vagas, das 8 \u00e0s 12 horas; e Pr\u00e1ticas de M\u00eddias Sociais, tamb\u00e9m com 20 vagas, das 13h30 \u00e0s 17h30. Com carga hor\u00e1ria de 40 horas\/aula, os cursos p\u00fablicos e gratuitos s\u00e3o ofertados para toda a popula\u00e7\u00e3o pela Prefeitura de Jundia\u00ed em parceria com o Centro Paula Souza por meio da TVTEC. As aulas t\u00eam in\u00edcio marcado para o dia 5 de novembro.<\/p>\n<div id=\"attachment_19016\" style=\"width: 460px\" class=\"wp-caption alignright\"><a href=\"https:\/\/tvtecjundiai.com.br\/news\/wp-content\/uploads\/sites\/2\/2018\/10\/photographer-455747_1920-e1539797860644.jpg\"><img loading=\"lazy\" decoding=\"async\" aria-describedby=\"caption-attachment-19016\" class=\"wp-image-19016\" src=\"https:\/\/tvtecjundiai.com.br\/news\/wp-content\/uploads\/sites\/2\/2018\/10\/photographer-455747_1920-e1539797860644-300x198.jpg\" alt=\"\" width=\"450\" height=\"297\" \/><\/a><p id=\"caption-attachment-19016\" class=\"wp-caption-text\">S\u00e3o 20 vagas dispon\u00edveis para o curso gratuito de Fotografia Digital<\/p><\/div>\n<p>As inscri\u00e7\u00f5es ocorrem das 10 \u00e0s 12 e das 14 \u00e0s 17 horas nos respectivos dias. Para se inscrever, \u00e9 necess\u00e1rio ter 18 anos ou mais e o atendimento \u00e9 feito por ordem de chegada. Os interessados devem comparecer \u00e0 sede da TVTEC, na avenida Dr. Cavalcanti, 396, Complexo Argos, munidos dos\u00a0<strong>originais e c\u00f3pias do RG, CPF e Comprovante de Resid\u00eancia, que necessariamente deve ser o carn\u00ea de IPTU, uma conta de \u00e1gua, luz ou telefone (que seja de um dos \u00faltimos tr\u00eas meses, contados a partir da data de abertura da inscri\u00e7\u00e3o) em nome do aluno ou:<\/strong><\/p>\n<ul>\n<li>RG ou Certid\u00e3o de Nascimento: quando o comprovante estiver em nome dos pais;<\/li>\n<li>Certid\u00e3o de Casamento: quando o comprovante estiver em nome do c\u00f4njuge;<\/li>\n<li>Contrato de Loca\u00e7\u00e3o: quando o contrato estiver em nome do aluno;<\/li>\n<li>Contrato de Loca\u00e7\u00e3o + Certid\u00e3o de Casamento: quando o contrato estiver em nome do c\u00f4njuge;<\/li>\n<li>Caso o candidato resida na casa de um terceiro, ele dever\u00e1 preencher a \u201cDeclara\u00e7\u00e3o de Resid\u00eancia para Terceiro\u201d e trazer c\u00f3pias dos documentos do terceiro (RG, CPF ou CNH).<\/li>\n<\/ul>\n<p>Como o n\u00famero de vagas \u00e9 limitado e a procura tem sido sempre alta \u2013 a TVTEC qualificou e certificou desde o in\u00edcio de suas atividades mais de 500 pessoas em 8 cursos \u2013, os organizadores se reservam no direito de encerrar o atendimento das inscri\u00e7\u00f5es assim que a quantidade da lista de espera ultrapassar 15 inscritos.<\/p>\n<p>Dentro do conceito\u00a0Escola Inovadora, implantada pelo\u00a0prefeito Luiz Fernando Machado, a\u00a0Rede TVTEC\u00a0\u00e9 a primeira escola p\u00fablica municipal gratuita do pa\u00eds em tecnologia digital e produ\u00e7\u00e3o audiovisual. S\u00f3 nos tr\u00eas primeiros meses de 2018, ofereceu 40% de vagas a mais em rela\u00e7\u00e3o ao per\u00edodo de agosto a dezembro 2017, quando foi implantada, e at\u00e9 o momento mais de 500 pessoas j\u00e1 foram qualificadas em workshops e cursos da emissora.<\/p>\n<p><em>(Imagem: Pixabay)<\/em><\/p>\n","protected":false},"excerpt":{"rendered":"<p>Inscri\u00e7\u00f5es ser\u00e3o na quinta (25) e sexta (26); S\u00e3o 20 vagas dispon\u00edveis para cada curso<\/p>\n","protected":false},"author":10,"featured_media":19016,"comment_status":"closed","ping_status":"closed","sticky":false,"template":"","format":"standard","meta":{"footnotes":""},"categories":[2834,2832,29,2835,2824],"tags":[769,2526,2621,4181],"class_list":["post-19015","post","type-post","status-publish","format-standard","has-post-thumbnail","hentry","category-cidades","category-cursos","category-destaque","category-tecnologia","category-variedades","tag-cursos-gratuitos","tag-cursos-tvtec","tag-fotografia","tag-midia-sociais"],"_links":{"self":[{"href":"https:\/\/tvtecjundiai.com.br\/news\/wp-json\/wp\/v2\/posts\/19015","targetHints":{"allow":["GET"]}}],"collection":[{"href":"https:\/\/tvtecjundiai.com.br\/news\/wp-json\/wp\/v2\/posts"}],"about":[{"href":"https:\/\/tvtecjundiai.com.br\/news\/wp-json\/wp\/v2\/types\/post"}],"author":[{"embeddable":true,"href":"https:\/\/tvtecjundiai.com.br\/news\/wp-json\/wp\/v2\/users\/10"}],"replies":[{"embeddable":true,"href":"https:\/\/tvtecjundiai.com.br\/news\/wp-json\/wp\/v2\/comments?post=19015"}],"version-history":[{"count":12,"href":"https:\/\/tvtecjundiai.com.br\/news\/wp-json\/wp\/v2\/posts\/19015\/revisions"}],"predecessor-version":[{"id":19357,"href":"https:\/\/tvtecjundiai.com.br\/news\/wp-json\/wp\/v2\/posts\/19015\/revisions\/19357"}],"wp:featuredmedia":[{"embeddable":true,"href":"https:\/\/tvtecjundiai.com.br\/news\/wp-json\/wp\/v2\/media\/19016"}],"wp:attachment":[{"href":"https:\/\/tvtecjundiai.com.br\/news\/wp-json\/wp\/v2\/media?parent=19015"}],"wp:term":[{"taxonomy":"category","embeddable":true,"href":"https:\/\/tvtecjundiai.com.br\/news\/wp-json\/wp\/v2\/categories?post=19015"},{"taxonomy":"post_tag","embeddable":true,"href":"https:\/\/tvtecjundiai.com.br\/news\/wp-json\/wp\/v2\/tags?post=19015"}],"curies":[{"name":"wp","href":"https:\/\/api.w.org\/{rel}","templated":true}]}}