{"id":19272,"date":"2018-10-23T15:10:13","date_gmt":"2018-10-23T17:10:13","guid":{"rendered":"https:\/\/tvtecjundiai.com.br\/news\/?p=19272"},"modified":"2018-10-23T15:10:13","modified_gmt":"2018-10-23T17:10:13","slug":"curriculo-paulista-e-tema-de-seminario-na-quinta-25","status":"publish","type":"post","link":"https:\/\/tvtecjundiai.com.br\/news\/2018\/10\/23\/curriculo-paulista-e-tema-de-seminario-na-quinta-25\/","title":{"rendered":"Curr\u00edculo Paulista \u00e9 tema de semin\u00e1rio na quinta (25)"},"content":{"rendered":"<p>Nesta quinta-feira (25), das 8h30 \u00e0s 17 horas, ser\u00e1 realizado em Jundia\u00ed, na Unip, o primeiro dos tr\u00eas semin\u00e1rios regionais que v\u00e3o contribuir para a elabora\u00e7\u00e3o do Curr\u00edculo Paulista, \u00e0 luz da Base Nacional Comum Curricular da Educa\u00e7\u00e3o Infantil e do Ensino Fundamental. Cada polo regional realizar\u00e1 seus pr\u00f3prios semin\u00e1rios, conforme organiza\u00e7\u00e3o das Diretorias Regionais de Ensino. Jundia\u00ed \u00e9 representante do polo.<\/p>\n<div id=\"attachment_19273\" style=\"width: 460px\" class=\"wp-caption alignright\"><a href=\"https:\/\/tvtecjundiai.com.br\/news\/wp-content\/uploads\/sites\/2\/2018\/10\/emeb-anna-pontes-chagas-461-1.jpg\"><img loading=\"lazy\" decoding=\"async\" aria-describedby=\"caption-attachment-19273\" class=\"wp-image-19273\" src=\"https:\/\/tvtecjundiai.com.br\/news\/wp-content\/uploads\/sites\/2\/2018\/10\/emeb-anna-pontes-chagas-461-1-300x200.jpg\" alt=\"\" width=\"450\" height=\"300\" srcset=\"https:\/\/tvtecjundiai.com.br\/news\/wp-content\/uploads\/sites\/2\/2018\/10\/emeb-anna-pontes-chagas-461-1-300x200.jpg 300w, https:\/\/tvtecjundiai.com.br\/news\/wp-content\/uploads\/sites\/2\/2018\/10\/emeb-anna-pontes-chagas-461-1-768x512.jpg 768w, https:\/\/tvtecjundiai.com.br\/news\/wp-content\/uploads\/sites\/2\/2018\/10\/emeb-anna-pontes-chagas-461-1-1200x801.jpg 1200w, https:\/\/tvtecjundiai.com.br\/news\/wp-content\/uploads\/sites\/2\/2018\/10\/emeb-anna-pontes-chagas-461-1.jpg 1400w\" sizes=\"auto, (max-width: 450px) 100vw, 450px\" \/><\/a><p id=\"caption-attachment-19273\" class=\"wp-caption-text\">Semin\u00e1rios v\u00e3o discutir diretrizes do Curr\u00edculo Paulista<\/p><\/div>\n<p>A abertura dos semin\u00e1rios ser\u00e1 com uma palestra de Valter Maestro, das 8h30 \u00e0s 10h. As inscri\u00e7\u00f5es devem ser feitas\u00a0<a href=\"https:\/\/docs.google.com\/forms\/d\/e\/1FAIpQLSdtsJ0bkGmoa_yF3Rmr4B1tBqmDzsHof5pVT8zlEqo1yuha8A\/viewform\">neste link<\/a>. Em seguida, at\u00e9 as 17h30, ser\u00e1 realizada a oficina \u201cTexto introdut\u00f3rio\u201d. Para a oficina, a inscri\u00e7\u00e3o deve ser feita\u00a0<a href=\"https:\/\/docs.google.com\/forms\/d\/e\/1FAIpQLSdtsJ0bkGmoa_yF3Rmr4B1tBqmDzsHof5pVT8zlEqo1yuha8A\/viewform\">aqui<\/a>. O evento \u00e9 direcionados a professores e diretores da rede, que contar\u00e3o com banco de horas para o excedente das horas trabalhadas.<\/p>\n<p>No dia 29 (segunda-feira), ser\u00e3o realizadas as oficinas de Educa\u00e7\u00e3o Infantil, Matem\u00e1tica (anos iniciais), L\u00edngua Portuguesa (anos iniciais), Ci\u00eancias, Hist\u00f3ria e Arte. Interessados devem se inscrever\u00a0<a href=\"https:\/\/docs.google.com\/forms\/d\/e\/1FAIpQLSdlswcgDSbgYwoGqR9sR4kGylPLt752BeiQNj-7PVE0qCTvew\/viewform\">neste link<\/a>. J\u00e1 no dia 30 (ter\u00e7a-feira), ser\u00e3o promovidas as oficinas de Matem\u00e1tica (anos finais), L\u00edngua Portuguesa (anos finais), Geografia, L\u00edngua Inglesa, Educa\u00e7\u00e3o F\u00edsica e Ensino Religioso. Neste caso, quem deseja participar precisa se inscrever\u00a0<a href=\"https:\/\/docs.google.com\/forms\/d\/e\/1FAIpQLSe_VNkAzkfdSI0kJo9Eqvqoyj5t1-JT5OSt9J28jV-Xs4OlOA\/viewform\">aqui<\/a>.<\/p>\n<p>A Diretoria Regional de Ensino sugere\u00a0que cada oficina tenha 30 participantes, em m\u00e9dia \u2013 metade representante da Rede Estadual e metade da Rede Municipal (exceto Educa\u00e7\u00e3o Infantil que deve dar prefer\u00eancia \u00e0 Rede Municipal para maioria das vagas), sendo recomendado o seguinte p\u00fablico:<\/p>\n<ul>\n<li>Para a oficina 1, Textos Introdut\u00f3rios, devem participar: Professor Coordenador de N\u00facleo Pedag\u00f3gico, Supervisor de Ensino, Gestores, T\u00e9cnicos da Secretarias Municipais, entre outros representantes das regionais.<\/li>\n<li>Para a oficina 2, Educa\u00e7\u00e3o Infantil, devem participar professores e gestores dessa etapa.<\/li>\n<li>Para as oficinas de Matem\u00e1tica e L\u00edngua Portuguesa \u2013 Anos Iniciais, devem participar, majoritariamente, professores e gestores dos Anos Iniciais, com participa\u00e7\u00e3o de professores e gestores dos Anos Finais.<\/li>\n<li>Para as oficinas de Matem\u00e1tica e L\u00edngua Portuguesa \u2013 Anos Finais, devem participar, majoritariamente, professores e gestores dos Anos Finais, com participa\u00e7\u00e3o de professores e gestores dos Anos Iniciais.<\/li>\n<li>Para as demais oficinas, devem participar, majoritariamente, professores e gestores da respectiva \u00e1rea de forma\u00e7\u00e3o do componente, com participa\u00e7\u00e3o de professores dos Anos Iniciais.<\/li>\n<li>Recomendamos que os mediadores das oficinas 2 a 13 sejam os participantes da oficina 1.<\/li>\n<\/ul>\n<p><em>(Fonte\/Imagem: Prefeitura de Jundia\u00ed)<\/em><\/p>\n","protected":false},"excerpt":{"rendered":"<p>Ser\u00e3o realizados semin\u00e1rios sobre o assunto tamb\u00e9m na segunda (29) e ter\u00e7a (30)<\/p>\n","protected":false},"author":10,"featured_media":19273,"comment_status":"closed","ping_status":"closed","sticky":false,"template":"","format":"standard","meta":{"footnotes":""},"categories":[2834,2828],"tags":[2715,4211],"class_list":["post-19272","post","type-post","status-publish","format-standard","has-post-thumbnail","hentry","category-cidades","category-educacao","tag-base-nacional-comum-curricular","tag-curriculo-paulista"],"_links":{"self":[{"href":"https:\/\/tvtecjundiai.com.br\/news\/wp-json\/wp\/v2\/posts\/19272","targetHints":{"allow":["GET"]}}],"collection":[{"href":"https:\/\/tvtecjundiai.com.br\/news\/wp-json\/wp\/v2\/posts"}],"about":[{"href":"https:\/\/tvtecjundiai.com.br\/news\/wp-json\/wp\/v2\/types\/post"}],"author":[{"embeddable":true,"href":"https:\/\/tvtecjundiai.com.br\/news\/wp-json\/wp\/v2\/users\/10"}],"replies":[{"embeddable":true,"href":"https:\/\/tvtecjundiai.com.br\/news\/wp-json\/wp\/v2\/comments?post=19272"}],"version-history":[{"count":2,"href":"https:\/\/tvtecjundiai.com.br\/news\/wp-json\/wp\/v2\/posts\/19272\/revisions"}],"predecessor-version":[{"id":19275,"href":"https:\/\/tvtecjundiai.com.br\/news\/wp-json\/wp\/v2\/posts\/19272\/revisions\/19275"}],"wp:featuredmedia":[{"embeddable":true,"href":"https:\/\/tvtecjundiai.com.br\/news\/wp-json\/wp\/v2\/media\/19273"}],"wp:attachment":[{"href":"https:\/\/tvtecjundiai.com.br\/news\/wp-json\/wp\/v2\/media?parent=19272"}],"wp:term":[{"taxonomy":"category","embeddable":true,"href":"https:\/\/tvtecjundiai.com.br\/news\/wp-json\/wp\/v2\/categories?post=19272"},{"taxonomy":"post_tag","embeddable":true,"href":"https:\/\/tvtecjundiai.com.br\/news\/wp-json\/wp\/v2\/tags?post=19272"}],"curies":[{"name":"wp","href":"https:\/\/api.w.org\/{rel}","templated":true}]}}