{"id":19276,"date":"2018-10-23T15:14:14","date_gmt":"2018-10-23T17:14:14","guid":{"rendered":"https:\/\/tvtecjundiai.com.br\/news\/?p=19276"},"modified":"2018-10-24T18:25:57","modified_gmt":"2018-10-24T20:25:57","slug":"data-center-investe-em-jundiai-e-gera-mais-empregos","status":"publish","type":"post","link":"https:\/\/tvtecjundiai.com.br\/news\/2018\/10\/23\/data-center-investe-em-jundiai-e-gera-mais-empregos\/","title":{"rendered":"Data Center investe em Jundia\u00ed e gera mais empregos"},"content":{"rendered":"<p>O prefeito Luiz Fernando Machado visitou, na manh\u00e3 desta ter\u00e7a-feira (23), a sede da Ascenty, maior empresa em infraestrutura de Data Centers do Brasil, no Distrito Industrial de Jundia\u00ed. Na ocasi\u00e3o, ele obteve de executivos da empresa a sinaliza\u00e7\u00e3o de que o grupo pretende continuar investindo no Munic\u00edpio. Atualmente, a empresa constr\u00f3i o seu segundo data center na cidade, em uma \u00e1rea de 8 mil metros quadrados, com investimentos de R$ 150 milh\u00f5es somente na primeira fase do projeto, que ser\u00e1 conclu\u00edda em mar\u00e7o de 2019.<\/p>\n<div id=\"attachment_19278\" style=\"width: 410px\" class=\"wp-caption alignleft\"><a href=\"https:\/\/tvtecjundiai.com.br\/news\/wp-content\/uploads\/sites\/2\/2018\/10\/6-1.jpg\"><img loading=\"lazy\" decoding=\"async\" aria-describedby=\"caption-attachment-19278\" class=\"wp-image-19278\" src=\"https:\/\/tvtecjundiai.com.br\/news\/wp-content\/uploads\/sites\/2\/2018\/10\/6-1-300x200.jpg\" alt=\"\" width=\"400\" height=\"267\" srcset=\"https:\/\/tvtecjundiai.com.br\/news\/wp-content\/uploads\/sites\/2\/2018\/10\/6-1-300x200.jpg 300w, https:\/\/tvtecjundiai.com.br\/news\/wp-content\/uploads\/sites\/2\/2018\/10\/6-1-768x512.jpg 768w, https:\/\/tvtecjundiai.com.br\/news\/wp-content\/uploads\/sites\/2\/2018\/10\/6-1-1200x801.jpg 1200w, https:\/\/tvtecjundiai.com.br\/news\/wp-content\/uploads\/sites\/2\/2018\/10\/6-1.jpg 1400w\" sizes=\"auto, (max-width: 400px) 100vw, 400px\" \/><\/a><p id=\"caption-attachment-19278\" class=\"wp-caption-text\">Prefeito conversou com o CEO da empresa, Chris Torto, durante visita \u00e0 sede no Distrito Industrial<\/p><\/div>\n<p>O CEO da empresa, Chris Torto, afirmou que Jundia\u00ed tem tudo o que a empresa precisa para continuar crescendo. \u201cNo nosso neg\u00f3cio, a comunica\u00e7\u00e3o \u00e9 a palavra chave. Por isso, precisamos estar bem localizados, em um Munic\u00edpio que oferece infraestrutura adequada. Jundia\u00ed une esses dois fatores e isso nos deixa muito otimistas para o futuro\u201d, disse.<\/p>\n<p>Enquanto conhecia\u00a0o data center da Ascenty j\u00e1 em funcionamento no Distrito Industrial, Luiz Fernando destacou a import\u00e2ncia de agregar neg\u00f3cios desta dimens\u00e3o \u2013 cada data center recebe cerca de R$ 250 milh\u00f5es em investimentos \u2013 para o desenvolvimento da cidade. \u201cDesde maio do ano passado nos reunimos semanalmente com grandes empres\u00e1rios a fim de que not\u00edcias como esta, de investimento com gera\u00e7\u00e3o de emprego e receita, sejam mais frequentes. Sempre repito que o emprego \u00e9 a melhor forma de distribui\u00e7\u00e3o de renda e tenho consci\u00eancia do papel relevante da inciativa privada nesse contexto\u201d, pontuou o prefeito.<\/p>\n<p>Tamb\u00e9m presente ao encontro, o diretor institucional e de marketing da Ascenty, Roberto Rio Branco, falou sobre a perspectiva positiva para o mercado de data centers. \u201cH\u00e1 uma forte tend\u00eancia de terceiriza\u00e7\u00e3o do armazenamento de dados por parte das grandes empresas e isso nos faz acreditar em um futuro promissor para o setor. Por isso, vamos continuar investindo na cidade\u201d, afirmou.<\/p>\n<p><em>(Fonte\/Imagem: Prefeitura de Jundia\u00ed; Capa: Divulga\u00e7\u00e3o)<\/em><\/p>\n","protected":false},"excerpt":{"rendered":"<p>Ascenty investiu cerca de R$ 150 milh\u00f5es na cidade<\/p>\n","protected":false},"author":10,"featured_media":19277,"comment_status":"closed","ping_status":"closed","sticky":false,"template":"","format":"standard","meta":{"footnotes":""},"categories":[2834,29,2829,1],"tags":[4213,4212,4121],"class_list":["post-19276","post","type-post","status-publish","format-standard","has-post-thumbnail","hentry","category-cidades","category-destaque","category-economia","category-noticias","tag-ascenty","tag-distrito-industrial","tag-emprego-jundiai"],"_links":{"self":[{"href":"https:\/\/tvtecjundiai.com.br\/news\/wp-json\/wp\/v2\/posts\/19276","targetHints":{"allow":["GET"]}}],"collection":[{"href":"https:\/\/tvtecjundiai.com.br\/news\/wp-json\/wp\/v2\/posts"}],"about":[{"href":"https:\/\/tvtecjundiai.com.br\/news\/wp-json\/wp\/v2\/types\/post"}],"author":[{"embeddable":true,"href":"https:\/\/tvtecjundiai.com.br\/news\/wp-json\/wp\/v2\/users\/10"}],"replies":[{"embeddable":true,"href":"https:\/\/tvtecjundiai.com.br\/news\/wp-json\/wp\/v2\/comments?post=19276"}],"version-history":[{"count":5,"href":"https:\/\/tvtecjundiai.com.br\/news\/wp-json\/wp\/v2\/posts\/19276\/revisions"}],"predecessor-version":[{"id":19324,"href":"https:\/\/tvtecjundiai.com.br\/news\/wp-json\/wp\/v2\/posts\/19276\/revisions\/19324"}],"wp:featuredmedia":[{"embeddable":true,"href":"https:\/\/tvtecjundiai.com.br\/news\/wp-json\/wp\/v2\/media\/19277"}],"wp:attachment":[{"href":"https:\/\/tvtecjundiai.com.br\/news\/wp-json\/wp\/v2\/media?parent=19276"}],"wp:term":[{"taxonomy":"category","embeddable":true,"href":"https:\/\/tvtecjundiai.com.br\/news\/wp-json\/wp\/v2\/categories?post=19276"},{"taxonomy":"post_tag","embeddable":true,"href":"https:\/\/tvtecjundiai.com.br\/news\/wp-json\/wp\/v2\/tags?post=19276"}],"curies":[{"name":"wp","href":"https:\/\/api.w.org\/{rel}","templated":true}]}}