{"id":19301,"date":"2018-10-24T09:52:31","date_gmt":"2018-10-24T11:52:31","guid":{"rendered":"https:\/\/tvtecjundiai.com.br\/news\/?p=19301"},"modified":"2018-10-24T09:52:31","modified_gmt":"2018-10-24T11:52:31","slug":"jundiai-cria-270-vagas-de-emprego-em-setembro","status":"publish","type":"post","link":"https:\/\/tvtecjundiai.com.br\/news\/2018\/10\/24\/jundiai-cria-270-vagas-de-emprego-em-setembro\/","title":{"rendered":"Jundia\u00ed cria 270 vagas de emprego em setembro"},"content":{"rendered":"<p>Jundia\u00ed tem 270 novas vagas de emprego em setembro,\u00a0segundo dados do Minist\u00e9rio do Trabalho e Emprego.\u00a0Segundo o Cadastro Geral de Empregados e Desempregados (Caged), foram 4.762 admiss\u00f5es ante 4.492 demiss\u00f5es no m\u00eas. No mesmo m\u00eas de 2017, o munic\u00edpio havia registrado uma perda de 158 vagas.<\/p>\n<div id=\"attachment_19303\" style=\"width: 301px\" class=\"wp-caption alignleft\"><a href=\"https:\/\/tvtecjundiai.com.br\/news\/wp-content\/uploads\/sites\/2\/2018\/10\/pochet-30.jpg\"><img loading=\"lazy\" decoding=\"async\" aria-describedby=\"caption-attachment-19303\" class=\"wp-image-19303\" src=\"https:\/\/tvtecjundiai.com.br\/news\/wp-content\/uploads\/sites\/2\/2018\/10\/pochet-30-300x245.jpg\" alt=\"\" width=\"291\" height=\"238\" srcset=\"https:\/\/tvtecjundiai.com.br\/news\/wp-content\/uploads\/sites\/2\/2018\/10\/pochet-30-300x245.jpg 300w, https:\/\/tvtecjundiai.com.br\/news\/wp-content\/uploads\/sites\/2\/2018\/10\/pochet-30-768x626.jpg 768w, https:\/\/tvtecjundiai.com.br\/news\/wp-content\/uploads\/sites\/2\/2018\/10\/pochet-30-1178x960.jpg 1178w, https:\/\/tvtecjundiai.com.br\/news\/wp-content\/uploads\/sites\/2\/2018\/10\/pochet-30.jpg 1400w\" sizes=\"auto, (max-width: 291px) 100vw, 291px\" \/><\/a><p id=\"caption-attachment-19303\" class=\"wp-caption-text\">O setor que mais apresentou avan\u00e7os foi o da ind\u00fastria, com a cria\u00e7\u00e3o de mais de 200 vagas\u00a0<\/p><\/div>\n<p>Ao todo, este ano, j\u00e1 foram criadas 2.208 vagas de emprego na cidade. \u201cTrata-se de um dado muito positivo porque mostra que estamos no caminho certo nos esfor\u00e7os que temos feito para atrair investimentos ao Munic\u00edpio. Garantir um ambiente favor\u00e1vel para a gera\u00e7\u00e3o de emprego aos jundiaienses \u00e9 uma das metas priorit\u00e1rias desta gest\u00e3o\u201d, destaca o prefeito Luiz Fernando Machado.<\/p>\n<p>Em setembro, o setor que apresentou o melhor resultado foi a ind\u00fastria, respons\u00e1vel pela cria\u00e7\u00e3o de 243 vagas, ou seja, 90% dos novos postos. A constru\u00e7\u00e3o civil criou 23 vagas, enquanto o com\u00e9rcio abriu 12 novas vagas. O \u00fanico setor que teve retra\u00e7\u00e3o foi o de servi\u00e7os, que perdeu 18 posi\u00e7\u00f5es no m\u00eas.<\/p>\n<p>Entre as iniciativas implementadas pela Administra\u00e7\u00e3o para fomentar a gera\u00e7\u00e3o de empregos, pode-se citar a cria\u00e7\u00e3o do Grupo GTT Competitividade para redu\u00e7\u00e3o da burocracia e a consequente acelera\u00e7\u00e3o nos processos internos, al\u00e9m da realiza\u00e7\u00e3o, todas as quintas-feiras, de reuni\u00f5es semanais do prefeito com grandes empres\u00e1rios para entender as demandas e aproximar o poder p\u00fablico da iniciativa privada, entre outras.<\/p>\n<p><em>(Fonte e imagem: Prefeitura de Jundia\u00ed)<\/em><\/p>\n","protected":false},"excerpt":{"rendered":"<p>Dados s\u00e3o do Cadastro Geral de Empregados e Desempregados (Caged)<\/p>\n","protected":false},"author":11,"featured_media":19303,"comment_status":"closed","ping_status":"closed","sticky":false,"template":"","format":"standard","meta":{"footnotes":""},"categories":[2834,29,2829,1],"tags":[346,1148,556],"class_list":["post-19301","post","type-post","status-publish","format-standard","has-post-thumbnail","hentry","category-cidades","category-destaque","category-economia","category-noticias","tag-economia","tag-geracao-de-emprego","tag-noticias"],"_links":{"self":[{"href":"https:\/\/tvtecjundiai.com.br\/news\/wp-json\/wp\/v2\/posts\/19301","targetHints":{"allow":["GET"]}}],"collection":[{"href":"https:\/\/tvtecjundiai.com.br\/news\/wp-json\/wp\/v2\/posts"}],"about":[{"href":"https:\/\/tvtecjundiai.com.br\/news\/wp-json\/wp\/v2\/types\/post"}],"author":[{"embeddable":true,"href":"https:\/\/tvtecjundiai.com.br\/news\/wp-json\/wp\/v2\/users\/11"}],"replies":[{"embeddable":true,"href":"https:\/\/tvtecjundiai.com.br\/news\/wp-json\/wp\/v2\/comments?post=19301"}],"version-history":[{"count":1,"href":"https:\/\/tvtecjundiai.com.br\/news\/wp-json\/wp\/v2\/posts\/19301\/revisions"}],"predecessor-version":[{"id":19304,"href":"https:\/\/tvtecjundiai.com.br\/news\/wp-json\/wp\/v2\/posts\/19301\/revisions\/19304"}],"wp:featuredmedia":[{"embeddable":true,"href":"https:\/\/tvtecjundiai.com.br\/news\/wp-json\/wp\/v2\/media\/19303"}],"wp:attachment":[{"href":"https:\/\/tvtecjundiai.com.br\/news\/wp-json\/wp\/v2\/media?parent=19301"}],"wp:term":[{"taxonomy":"category","embeddable":true,"href":"https:\/\/tvtecjundiai.com.br\/news\/wp-json\/wp\/v2\/categories?post=19301"},{"taxonomy":"post_tag","embeddable":true,"href":"https:\/\/tvtecjundiai.com.br\/news\/wp-json\/wp\/v2\/tags?post=19301"}],"curies":[{"name":"wp","href":"https:\/\/api.w.org\/{rel}","templated":true}]}}