{"id":19454,"date":"2018-10-26T12:28:37","date_gmt":"2018-10-26T14:28:37","guid":{"rendered":"https:\/\/tvtecjundiai.com.br\/news\/?p=19454"},"modified":"2018-10-26T12:28:37","modified_gmt":"2018-10-26T14:28:37","slug":"tvtec-atinge-numero-maximo-de-inscricoes-no-primeiro-dia","status":"publish","type":"post","link":"https:\/\/tvtecjundiai.com.br\/news\/2018\/10\/26\/tvtec-atinge-numero-maximo-de-inscricoes-no-primeiro-dia\/","title":{"rendered":"TVTEC atinge n\u00famero m\u00e1ximo de inscri\u00e7\u00f5es no primeiro dia"},"content":{"rendered":"<p>A TVTEC abriu nesta quinta-feira (25) as inscri\u00e7\u00f5es para os cursos gratuitos de Pr\u00e1ticas de M\u00eddias Sociais e Fotografia Digital. Desta vez, foram 40 vagas ofertadas (20 para cada curso) e j\u00e1 no primeiro dia, devido as listas atingirem o n\u00famero m\u00e1ximo de interessados \u2013 superando inclusive o \u00edndice pr\u00e9-estabelecido da lista de espera \u2013, as inscri\u00e7\u00f5es foram encerradas.<\/p>\n<div id=\"attachment_19455\" style=\"width: 410px\" class=\"wp-caption alignright\"><a href=\"https:\/\/tvtecjundiai.com.br\/news\/wp-content\/uploads\/sites\/2\/2018\/10\/44762104_1502070656563115_8926940266032529408_n.jpg\"><img loading=\"lazy\" decoding=\"async\" aria-describedby=\"caption-attachment-19455\" class=\"wp-image-19455\" src=\"https:\/\/tvtecjundiai.com.br\/news\/wp-content\/uploads\/sites\/2\/2018\/10\/44762104_1502070656563115_8926940266032529408_n-300x225.jpg\" alt=\"\" width=\"400\" height=\"300\" srcset=\"https:\/\/tvtecjundiai.com.br\/news\/wp-content\/uploads\/sites\/2\/2018\/10\/44762104_1502070656563115_8926940266032529408_n-300x225.jpg 300w, https:\/\/tvtecjundiai.com.br\/news\/wp-content\/uploads\/sites\/2\/2018\/10\/44762104_1502070656563115_8926940266032529408_n-768x576.jpg 768w, https:\/\/tvtecjundiai.com.br\/news\/wp-content\/uploads\/sites\/2\/2018\/10\/44762104_1502070656563115_8926940266032529408_n.jpg 960w\" sizes=\"auto, (max-width: 400px) 100vw, 400px\" \/><\/a><p id=\"caption-attachment-19455\" class=\"wp-caption-text\">TVTEC disponibilizou 40 vagas nesta baterias de inscri\u00e7\u00f5es, sendo 20 para cada curso<\/p><\/div>\n<p>As aulas t\u00eam in\u00edcio marcado para o dia 5 de novembro, com carga hor\u00e1ria de 40 horas\/aula, os cursos p\u00fablicos e gratuitos s\u00e3o ofertados para toda a popula\u00e7\u00e3o pela Prefeitura de Jundia\u00ed em parceria com o Centro Paula Souza por meio da TVTEC. O curso de Fotografia Digital ser\u00e1 das 8 \u00e0s 12 horas; e Pr\u00e1ticas de M\u00eddias Sociais, das 13h30 \u00e0s 17h30.<\/p>\n<p>Como o n\u00famero de vagas \u00e9 limitado e a procura tem sido sempre alta \u2013 a TVTEC qualificou e certificou desde o in\u00edcio de suas atividades mais de 500 pessoas em 8 cursos \u2013, os organizadores se reservam no direito de encerrar o atendimento das inscri\u00e7\u00f5es assim que a quantidade da lista de espera ultrapassar determinado n\u00famero de inscritos, <a href=\"https:\/\/tvtecjundiai.com.br\/cursos\/inscricoes\/\">sempre proporcional ao n\u00famero de vagas<\/a>.<\/p>\n<p>Dentro do conceito\u00a0Escola Inovadora, implantada pelo\u00a0prefeito Luiz Fernando Machado, a\u00a0Rede TVTEC\u00a0\u00e9 a primeira escola p\u00fablica municipal gratuita do pa\u00eds em tecnologia digital e produ\u00e7\u00e3o audiovisual. S\u00f3 nos tr\u00eas primeiros meses de 2018, ofereceu 40% de vagas a mais em rela\u00e7\u00e3o ao per\u00edodo de agosto a dezembro 2017, quando foi implantada, e at\u00e9 o momento mais de 500 pessoas j\u00e1 foram qualificadas em workshops e cursos da emissora.<\/p>\n<p><em><strong>(Por Isabela Godoi)<\/strong><\/em><\/p>\n","protected":false},"excerpt":{"rendered":"<p>Foram 40 vagas ofertadas, sendo 20 para cada curso<\/p>\n","protected":false},"author":10,"featured_media":19455,"comment_status":"closed","ping_status":"closed","sticky":false,"template":"","format":"standard","meta":{"footnotes":""},"categories":[2834,2832],"tags":[],"class_list":["post-19454","post","type-post","status-publish","format-standard","has-post-thumbnail","hentry","category-cidades","category-cursos"],"_links":{"self":[{"href":"https:\/\/tvtecjundiai.com.br\/news\/wp-json\/wp\/v2\/posts\/19454","targetHints":{"allow":["GET"]}}],"collection":[{"href":"https:\/\/tvtecjundiai.com.br\/news\/wp-json\/wp\/v2\/posts"}],"about":[{"href":"https:\/\/tvtecjundiai.com.br\/news\/wp-json\/wp\/v2\/types\/post"}],"author":[{"embeddable":true,"href":"https:\/\/tvtecjundiai.com.br\/news\/wp-json\/wp\/v2\/users\/10"}],"replies":[{"embeddable":true,"href":"https:\/\/tvtecjundiai.com.br\/news\/wp-json\/wp\/v2\/comments?post=19454"}],"version-history":[{"count":1,"href":"https:\/\/tvtecjundiai.com.br\/news\/wp-json\/wp\/v2\/posts\/19454\/revisions"}],"predecessor-version":[{"id":19456,"href":"https:\/\/tvtecjundiai.com.br\/news\/wp-json\/wp\/v2\/posts\/19454\/revisions\/19456"}],"wp:featuredmedia":[{"embeddable":true,"href":"https:\/\/tvtecjundiai.com.br\/news\/wp-json\/wp\/v2\/media\/19455"}],"wp:attachment":[{"href":"https:\/\/tvtecjundiai.com.br\/news\/wp-json\/wp\/v2\/media?parent=19454"}],"wp:term":[{"taxonomy":"category","embeddable":true,"href":"https:\/\/tvtecjundiai.com.br\/news\/wp-json\/wp\/v2\/categories?post=19454"},{"taxonomy":"post_tag","embeddable":true,"href":"https:\/\/tvtecjundiai.com.br\/news\/wp-json\/wp\/v2\/tags?post=19454"}],"curies":[{"name":"wp","href":"https:\/\/api.w.org\/{rel}","templated":true}]}}