{"id":19457,"date":"2018-10-26T12:50:43","date_gmt":"2018-10-26T14:50:43","guid":{"rendered":"https:\/\/tvtecjundiai.com.br\/news\/?p=19457"},"modified":"2018-10-26T12:54:50","modified_gmt":"2018-10-26T14:54:50","slug":"parque-da-cidade-tem-peca-infantil-neste-domingo-28","status":"publish","type":"post","link":"https:\/\/tvtecjundiai.com.br\/news\/2018\/10\/26\/parque-da-cidade-tem-peca-infantil-neste-domingo-28\/","title":{"rendered":"Parque da Cidade tem pe\u00e7a infantil neste domingo (28)"},"content":{"rendered":"<div id=\"attachment_19458\" style=\"width: 410px\" class=\"wp-caption alignleft\"><a href=\"https:\/\/tvtecjundiai.com.br\/news\/wp-content\/uploads\/sites\/2\/2018\/10\/flor-da-vida-1.jpg\"><img loading=\"lazy\" decoding=\"async\" aria-describedby=\"caption-attachment-19458\" class=\"wp-image-19458\" src=\"https:\/\/tvtecjundiai.com.br\/news\/wp-content\/uploads\/sites\/2\/2018\/10\/flor-da-vida-1-300x199.jpg\" alt=\"\" width=\"400\" height=\"266\" srcset=\"https:\/\/tvtecjundiai.com.br\/news\/wp-content\/uploads\/sites\/2\/2018\/10\/flor-da-vida-1-300x199.jpg 300w, https:\/\/tvtecjundiai.com.br\/news\/wp-content\/uploads\/sites\/2\/2018\/10\/flor-da-vida-1-768x510.jpg 768w, https:\/\/tvtecjundiai.com.br\/news\/wp-content\/uploads\/sites\/2\/2018\/10\/flor-da-vida-1-1200x797.jpg 1200w, https:\/\/tvtecjundiai.com.br\/news\/wp-content\/uploads\/sites\/2\/2018\/10\/flor-da-vida-1.jpg 2048w\" sizes=\"auto, (max-width: 400px) 100vw, 400px\" \/><\/a><p id=\"caption-attachment-19458\" class=\"wp-caption-text\">Pe\u00e7a \u00e9 encenada pelo Teatro Motot\u00f3ti com realiza\u00e7\u00e3o do Sesc Jundia\u00ed<\/p><\/div>\n<p>Com direito a muita m\u00fasica, divers\u00e3o e alegria, neste domingo (28), a partir das 15 horas, o Parque da Cidade vai receber o espet\u00e1culo \u201cFlor da Vida\u201d. A pe\u00e7a \u00e9 encenada pelo Teatro Motot\u00f3ti, com realiza\u00e7\u00e3o do Sesc Jundia\u00ed e apoio da DAE. A entrada \u00e9 livre.<\/p>\n<p>O espet\u00e1culo traz os atores Carlos Alexandre e Fernanda Beppler interpretando dois palha\u00e7os que se encontram e buscam realizar seu grande sonho, ap\u00f3s um inc\u00eandio arrebatador destruir tudo o que eles t\u00eam. Uma bela hist\u00f3ria de amor que fala sobre correr em busca dos seus sonhos, apesar dos trope\u00e7os da vida.<\/p>\n<p>Ap\u00f3s o t\u00e9rmino da apresenta\u00e7\u00e3o, o grupo ainda realizar\u00e1 uma atividade l\u00fadica voltada para crian\u00e7as com conta\u00e7\u00e3o de hist\u00f3rias, m\u00fasicas e brincadeiras.<\/p>\n<p>A pe\u00e7a ser\u00e1 encenada na \u00e1rea central (pr\u00f3ximo aos parquinhos). O Parque da Cidade fica na Rodovia Jo\u00e3o Cereser, s\/n, Pinheirinho.<\/p>\n<p><em>(Fonte\/Imagem: Assessoria de Imprensa &#8211; DAE Jundia\u00ed)<\/em><\/p>\n","protected":false},"excerpt":{"rendered":"<p>\u201cFlor da Vida\u201d conta uma hist\u00f3ria de amor e fala sobre correr atr\u00e1s de seus sonhos<\/p>\n","protected":false},"author":10,"featured_media":0,"comment_status":"closed","ping_status":"closed","sticky":false,"template":"","format":"standard","meta":{"footnotes":""},"categories":[2834,2833,2824],"tags":[4247,623],"class_list":["post-19457","post","type-post","status-publish","format-standard","hentry","category-cidades","category-cultura","category-variedades","tag-espetaculo-infantil","tag-parque-da-cidade"],"_links":{"self":[{"href":"https:\/\/tvtecjundiai.com.br\/news\/wp-json\/wp\/v2\/posts\/19457","targetHints":{"allow":["GET"]}}],"collection":[{"href":"https:\/\/tvtecjundiai.com.br\/news\/wp-json\/wp\/v2\/posts"}],"about":[{"href":"https:\/\/tvtecjundiai.com.br\/news\/wp-json\/wp\/v2\/types\/post"}],"author":[{"embeddable":true,"href":"https:\/\/tvtecjundiai.com.br\/news\/wp-json\/wp\/v2\/users\/10"}],"replies":[{"embeddable":true,"href":"https:\/\/tvtecjundiai.com.br\/news\/wp-json\/wp\/v2\/comments?post=19457"}],"version-history":[{"count":4,"href":"https:\/\/tvtecjundiai.com.br\/news\/wp-json\/wp\/v2\/posts\/19457\/revisions"}],"predecessor-version":[{"id":19462,"href":"https:\/\/tvtecjundiai.com.br\/news\/wp-json\/wp\/v2\/posts\/19457\/revisions\/19462"}],"wp:attachment":[{"href":"https:\/\/tvtecjundiai.com.br\/news\/wp-json\/wp\/v2\/media?parent=19457"}],"wp:term":[{"taxonomy":"category","embeddable":true,"href":"https:\/\/tvtecjundiai.com.br\/news\/wp-json\/wp\/v2\/categories?post=19457"},{"taxonomy":"post_tag","embeddable":true,"href":"https:\/\/tvtecjundiai.com.br\/news\/wp-json\/wp\/v2\/tags?post=19457"}],"curies":[{"name":"wp","href":"https:\/\/api.w.org\/{rel}","templated":true}]}}