{"id":19511,"date":"2018-10-29T11:35:30","date_gmt":"2018-10-29T13:35:30","guid":{"rendered":"https:\/\/tvtecjundiai.com.br\/news\/?p=19511"},"modified":"2018-10-31T11:44:11","modified_gmt":"2018-10-31T13:44:11","slug":"polythema-tera-extensao-programacao-em-novembro","status":"publish","type":"post","link":"https:\/\/tvtecjundiai.com.br\/news\/2018\/10\/29\/polythema-tera-extensao-programacao-em-novembro\/","title":{"rendered":"Polythema ter\u00e1 extens\u00e3o programa\u00e7\u00e3o em novembro"},"content":{"rendered":"<p>O Teatro Polytheama divulgou as atra\u00e7\u00f5es para este m\u00eas de novembro de 2019. A diversificada programa\u00e7\u00e3o conta com exposi\u00e7\u00f5es, espet\u00e1culos musicais e de dan\u00e7a, concerto, circo e muitas outras atra\u00e7\u00f5es.<\/p>\n<p>O Teatro Polytheama fica na rua Bar\u00e3o de Jundia\u00ed, 176, Centro, e os telefones para contato s\u00e3o (11) 4586-2472 e 4522-0770. A bilheteria do teatro funciona para a venda de ingressos para todos os espet\u00e1culos de segunda a sexta-feira, das 13 \u00e0s 17 horas, e, aos s\u00e1bados, domingos e feriados em que h\u00e1 espet\u00e1culos, a bilheteria funciona das 14 \u00e0s 17 horas. Quando h\u00e1 espet\u00e1culos noturnos, a bilheteria estende atendimento, mas para venda exclusiva das respectivas apresenta\u00e7\u00f5es.\u00a0A programa\u00e7\u00e3o completa do Teatro e a agenda cultural de Jundia\u00ed podem ser consultadas no Aplicativo Jundia\u00ed.<\/p>\n<p>Confira a programa\u00e7\u00e3o completa:<\/p>\n<ul>\n<li>02\/11 (sexta-feira) \u2013 20h: \u201cOS GRANDES PENSADORES\u201d Art no AR (Ana Clara 11 \u2013 4522-3164) \u2013 Classifica\u00e7\u00e3o: Livre \/ Dura\u00e7\u00e3o: 100min \/ G\u00eanero: Circo e Dan\u00e7a. Ingressos: Plateia R$ 60 \/ Frisa e Camarote R$ 60\/ Arquibancada R$ 20 Descontos: Compra antecipada at\u00e9 dia 27\/10\/2018 na escola o ingresso sai por R$ 30.<\/li>\n<li>03\/11 (s\u00e1bado) \u2013 20h: \u201cPIO X INSIEME\u201d Associa\u00e7\u00e3o de M\u00fasica Pio X (Karen 11 \u2013 4587-8337) \u2013 Classifica\u00e7\u00e3o: Livre \/ Dura\u00e7\u00e3o: 100min \/ G\u00eanero: M\u00fasica. Ingressos: Plateia R$ 20 \/ Frisa e Camarote R$ 30 \/ Arquibancada R$ 20.<\/li>\n<li>04\/11 (domingo) \u2013 19h: \u201cO PEQUENO PR\u00cdNCIPE\u201d Entrelac\u00ea (Ana Carolina 11 \u2013 2816-8600) \u2013 Classifica\u00e7\u00e3o: Livre \/ Dura\u00e7\u00e3o: 90min \/ G\u00eanero: Dan\u00e7a. Ingressos: Plateia R$ 50 \/ Frisa e Camarote R$ 60 \/ Arquibancada R$ 50 Descontos: Compra antecipada at\u00e9 dia 29\/10\/2018 na escola o ingresso sai com 50% de desconto.<\/li>\n<li>05\/11 \u2013 14h30: \u201cVIAGEM FANT\u00c1STICA\u201d Tour pelas depend\u00eancias do teatro\u00a0 Agendamento: 4586-2472<\/li>\n<li>10\/11 (s\u00e1bado) \u2013 20h: \u201cORQUESTRA MUNICIPAL DE JUNDIA\u00cd\u201d Unidade de Gest\u00e3o de Cultura. Classifica\u00e7\u00e3o: Livre \/ G\u00eanero: M\u00fasica erudita \/ Dura\u00e7\u00e3o: 90min. Ingressos: Entrada Gratuita.<\/li>\n<li>12\/11 (segunda-feira) \u2013 14h: \u201cA ARTE DA VIDA DO BRASIL E DA IT\u00c1LIA COM INOS CORRADIN\u201d. Classifica\u00e7\u00e3o: Livre \/ Dura\u00e7\u00e3o: 120min \/ G\u00eanero: Exposi\u00e7\u00e3o \u2013 Ingressos: Entrada Gratuita.<\/li>\n<li>13\/11 (ter\u00e7a-feira) \u2013 20h: \u201c10\u00ba FESTIVAL DE M\u00daSICA DO CORAL SER \u2013 TV S\u201d LUME (Karen 11 \u2013 4582-6821) Classifica\u00e7\u00e3o: Livre \/ Dura\u00e7\u00e3o: 90min \/ G\u00eanero: Musical. Ingressos: Entrada Gratuita.<\/li>\n<li>14\/11 (quarta-feira) \u2013 20h: \u201cSHOW DE LAN\u00c7AMENTO \u2013 #BRASILINCONSERTO\u201d D\u2019Assis (Breno 11 \u2013 4581-2732) Classifica\u00e7\u00e3o: Livre \/ Dura\u00e7\u00e3o: 90min \/ G\u00eanero: M\u00fasica Ingressos: Plateia R$ 40 \/ Frisa e Camarote R$ 50 \/ Arquibancada R$ 40. Descontos: Compra antecipada at\u00e9 dia 13\/11\/2018 o ingresso sai com 50% de desconto.<\/li>\n<li>21\/11 (quarta-feira) \u2013 19h30: VITRINE DA DAN\u00c7A \u2013 \u201cARIGAT\u00d4 \u2013 UMA VIAGEM AO JAP\u00c3O\u201d Gr\u00eamio (Wilmer \/ Teresa 11 \u2013 2136-2077)\u00a0 Classifica\u00e7\u00e3o: Livre \/ Dura\u00e7\u00e3o: 120min \/ G\u00eanero: Dan\u00e7a Ingressos: Plateia R$ 45 \/ Frisa e Camarote R$ 50 \/ Arquibancada R$ 35.<\/li>\n<li>22\/11 (quinta-feira) \u2013 19h: \u201cAPRESENTA\u00c7\u00c3O ANUAL N\u00daCLEO DE M\u00daSICA DO SESI\u201d SESI (M\u00e1rio 11 \u2013 4523-5191) Classifica\u00e7\u00e3o: Livre \/ Dura\u00e7\u00e3o: 180min \/ G\u00eanero: M\u00fasica Ingressos: Entrada Gratuita.<\/li>\n<li>23\/11 (sexta-feira) \u2013 19h30: VITRINE DA DAN\u00c7A \u2013 \u201cA FANT\u00c1STICA F\u00c1BRICA DE BRINQUEDOS\u201d Monalisa Pizzolato (11 \u2013 4521-6082)\u00a0 Classifica\u00e7\u00e3o: Livre \/ Dura\u00e7\u00e3o: 150min \/ G\u00eanero: Dan\u00e7a Ingressos: Plateia R$ 40 \/ Frisa e Camarote R$ 50\/ Arquibancada R$ 40<\/li>\n<li>24\/11 (s\u00e1bado) \u2013 20h30: \u201cASTRA-FINAMAX \u2013 ORQUESTRA SINF\u00d4NICA MUNICIPAL DE CAMPINAS\u201d Atique &amp; Atique Produ\u00e7\u00f5es (Vasti 11 \u2013 9.9260-7833)\u00a0 Classifica\u00e7\u00e3o: Livre \/ G\u00eanero: Concerto \/ Dura\u00e7\u00e3o: 90min. Ingressos: Plateia R$10\/ Frisa e Camarote R$10 \/ Arquibancada R$ 10<\/li>\n<li>25\/11 (domingo) \u2013 11h: \u201cAPRESENTA\u00c7\u00c3O PROJETO GURI ENCERRAMENTO DE SEMESTRE\u201d GURI (Benedita 11 \u2013 4521-4607) Classifica\u00e7\u00e3o: Livre \/ Dura\u00e7\u00e3o: 100min \/ G\u00eanero: M\u00fasica. Ingressos: Entrada Gratuita.<\/li>\n<li>26\/11 (segunda-feira) \u2013 19h30: VITRINE DA DAN\u00c7A \u2013 \u201cEU, MEU QUARTO E MEUS SONHOS\u2026\u201d Clube Jundiaiense (Lilian 11 \u2013 4582-1958)\u00a0 Classifica\u00e7\u00e3o: Livre \/ Dura\u00e7\u00e3o: 90min \/ G\u00eanero: Dan\u00e7a Ingressos: Plateia R$ 40 \/ Frisa e Camarote R$ 50\u00a0 Descontos: Compra antecipada at\u00e9 dia 10\/11\/2018 na escola.<\/li>\n<li>27\/11 (ter\u00e7a-feira) \u2013 19h30: VITRINE DA DAN\u00c7A \u2013 \u201cOLYMPOS \u2013 UM PORTAL PARA A GR\u00c9CIA\u201d Danzaria (Priscila 11 \u2013 3446-6226)\u00a0 Classifica\u00e7\u00e3o: Livre \/ Dura\u00e7\u00e3o: 120min \/ G\u00eanero: Dan\u00e7a Ingressos: Plateia R$ 45 \/ Frisa e Camarote R$ 55 \/ Arquibancada R$ 40<\/li>\n<li>28\/11 (quarta-feira) \u2013 19h: \u201cSESS\u00c3O SOLENE DE ENTREGA DE T\u00cdTULOS HONOR\u00cdFICOS \u2013 C\u00c2MARA MUNICIPAL DE JUNDIA\u00cd\u201d C\u00e2mara Municipal (Gustavo 11 \u2013 4523-4547) Classifica\u00e7\u00e3o: Livre \/ Dura\u00e7\u00e3o: 120min \/ G\u00eanero: 120min.\u00a0\u00a0 Ingressos: Entrada Gratuita<\/li>\n<li>29\/11 (quinta-feira) \u2013 19h30: VITRINE DA DAN\u00c7A \u2013 \u201cO AMANH\u00c3 \u00c9 HOJE\u201d IOA (Luana 11 \u2013 4586-6109)\u00a0 Classifica\u00e7\u00e3o: Livre \/ Dura\u00e7\u00e3o: 120min \/ G\u00eanero: Dan\u00e7a Ingressos: Plateia R$ 50 \/ Frisa e Camarote R$ 55 \/ Arquibancada R$ 40<\/li>\n<li>30\/11 (sexta-feira) \u2013 19h30: VITRINE DA DAN\u00c7A \u2013 \u201cESPETACULAR\u201d Col\u00e9gio Ser (Talita 11 \u2013 4582-6821)\u00a0 Classifica\u00e7\u00e3o: Livre \/ Dura\u00e7\u00e3o: 120min \/ G\u00eanero: Dan\u00e7a Ingressos: Plateia R$ 45 \/ Frisa e Camarote R$ 55 \/ Arquibancada R$ 35\u00a0 Descontos: Compra antecipada para familiares dos bailarinos na escola, no valor de R$ 34 at\u00e9 dia 16\/10\/2018, exceto arquibancada.<\/li>\n<\/ul>\n<p><em>(Fonte\/Imagem: Prefeitura de Jundia\u00ed)<\/em><\/p>\n","protected":false},"excerpt":{"rendered":"<p>A agenda cultural de Jundia\u00ed tamb\u00e9m pode ser consultada no App Jundia\u00ed<\/p>\n","protected":false},"author":11,"featured_media":19514,"comment_status":"closed","ping_status":"closed","sticky":false,"template":"","format":"standard","meta":{"footnotes":""},"categories":[2833,1],"tags":[2112,84,556,2977,217],"class_list":["post-19511","post","type-post","status-publish","format-standard","has-post-thumbnail","hentry","category-cultura","category-noticias","tag-cidades","tag-cultura","tag-noticias","tag-polythema","tag-programacao"],"_links":{"self":[{"href":"https:\/\/tvtecjundiai.com.br\/news\/wp-json\/wp\/v2\/posts\/19511","targetHints":{"allow":["GET"]}}],"collection":[{"href":"https:\/\/tvtecjundiai.com.br\/news\/wp-json\/wp\/v2\/posts"}],"about":[{"href":"https:\/\/tvtecjundiai.com.br\/news\/wp-json\/wp\/v2\/types\/post"}],"author":[{"embeddable":true,"href":"https:\/\/tvtecjundiai.com.br\/news\/wp-json\/wp\/v2\/users\/11"}],"replies":[{"embeddable":true,"href":"https:\/\/tvtecjundiai.com.br\/news\/wp-json\/wp\/v2\/comments?post=19511"}],"version-history":[{"count":4,"href":"https:\/\/tvtecjundiai.com.br\/news\/wp-json\/wp\/v2\/posts\/19511\/revisions"}],"predecessor-version":[{"id":19624,"href":"https:\/\/tvtecjundiai.com.br\/news\/wp-json\/wp\/v2\/posts\/19511\/revisions\/19624"}],"wp:featuredmedia":[{"embeddable":true,"href":"https:\/\/tvtecjundiai.com.br\/news\/wp-json\/wp\/v2\/media\/19514"}],"wp:attachment":[{"href":"https:\/\/tvtecjundiai.com.br\/news\/wp-json\/wp\/v2\/media?parent=19511"}],"wp:term":[{"taxonomy":"category","embeddable":true,"href":"https:\/\/tvtecjundiai.com.br\/news\/wp-json\/wp\/v2\/categories?post=19511"},{"taxonomy":"post_tag","embeddable":true,"href":"https:\/\/tvtecjundiai.com.br\/news\/wp-json\/wp\/v2\/tags?post=19511"}],"curies":[{"name":"wp","href":"https:\/\/api.w.org\/{rel}","templated":true}]}}