{"id":20074,"date":"2018-11-13T09:14:06","date_gmt":"2018-11-13T11:14:06","guid":{"rendered":"https:\/\/tvtecjundiai.com.br\/news\/?p=20074"},"modified":"2018-11-13T09:14:06","modified_gmt":"2018-11-13T11:14:06","slug":"prefeitura-apresenta-programa-de-empregabilidade-para-jovens","status":"publish","type":"post","link":"https:\/\/tvtecjundiai.com.br\/news\/2018\/11\/13\/prefeitura-apresenta-programa-de-empregabilidade-para-jovens\/","title":{"rendered":"Prefeitura apresenta programa de empregabilidade para jovens"},"content":{"rendered":"<p>Representantes da Prefeitura de Jundia\u00ed e da Unidade de Gest\u00e3o de Desenvolvimento Social apresentaram, nesta segunda-feira (12),\u00a0o programa \u201cJovem para o Futuro\u201d, que visa ao encaminhamento como aprendiz de adolescentes em situa\u00e7\u00e3o de vulnerabilidade social ao mercado formal de trabalho. O programa \u00e9 institu\u00eddo pelo decreto n\u00ba 27.707\/2018 e voltado para jovens entre 14 e 24 anos.\u00a0Do encontro realizado no audit\u00f3rio do Pa\u00e7o Municipal participaram representantes da Associa\u00e7\u00e3o Comercial e Empresarial (ACE), da Pol\u00edcia Militar, de institui\u00e7\u00f5es de ensino e das Unidades de Gest\u00e3o de Governo e Finan\u00e7as (UGGF) e de Desenvolvimento, Ci\u00eancia e Tecnologia (UGDECT).<\/p>\n<div id=\"attachment_20075\" style=\"width: 310px\" class=\"wp-caption alignleft\"><a href=\"https:\/\/tvtecjundiai.com.br\/news\/wp-content\/uploads\/sites\/2\/2018\/11\/jovem_para_o_futuro-47.jpg\"><img loading=\"lazy\" decoding=\"async\" aria-describedby=\"caption-attachment-20075\" class=\"wp-image-20075 size-medium\" src=\"https:\/\/tvtecjundiai.com.br\/news\/wp-content\/uploads\/sites\/2\/2018\/11\/jovem_para_o_futuro-47-300x200.jpg\" alt=\"\" width=\"300\" height=\"200\" srcset=\"https:\/\/tvtecjundiai.com.br\/news\/wp-content\/uploads\/sites\/2\/2018\/11\/jovem_para_o_futuro-47-300x200.jpg 300w, https:\/\/tvtecjundiai.com.br\/news\/wp-content\/uploads\/sites\/2\/2018\/11\/jovem_para_o_futuro-47-768x512.jpg 768w, https:\/\/tvtecjundiai.com.br\/news\/wp-content\/uploads\/sites\/2\/2018\/11\/jovem_para_o_futuro-47-1200x800.jpg 1200w, https:\/\/tvtecjundiai.com.br\/news\/wp-content\/uploads\/sites\/2\/2018\/11\/jovem_para_o_futuro-47.jpg 1323w\" sizes=\"auto, (max-width: 300px) 100vw, 300px\" \/><\/a><p id=\"caption-attachment-20075\" class=\"wp-caption-text\">\u201cJovem para o Futuro\u201d buscar fechar o elo entre adolescentes j\u00e1 capacitados e o mercado de trabalho<\/p><\/div>\n<p>Somente neste ano, o banco de talentos da UGADS ganhou 450 novos jovens j\u00e1 capacitados pelos cursos preparat\u00f3rios para o primeiro emprego por entidade qualificadora. Ficava faltando o elo com o empregador, e \u00e9 essa defici\u00eancia que estamos trabalhando para eliminar. Para isso, necessitamos da sensibiliza\u00e7\u00e3o de empresas parceiras\u201d, explica N\u00e1dia.<\/p>\n<p>Para a coordenadora educacional da ACE, Daniela Moraes, apresenta\u00e7\u00e3o vem ao encontro da conscientiza\u00e7\u00e3o da responsabilidade social por parte dos associados. \u201cNesse sentido, a Associa\u00e7\u00e3o j\u00e1 se disp\u00f5e a colaborar com a iniciativa da Prefeitura\u201d.<\/p>\n<p>J\u00e1 o tenente-coronel Yasui, comandante do 49\u00ba Batalh\u00e3o da Pol\u00edcia Militar de Jundia\u00ed, tamb\u00e9m elogiou a iniciativa da Prefeitura. \u201cA faixa et\u00e1ria do programa apresentado pela gestora contempla exatamente aquela em que se deve ter um forte trabalho de preven\u00e7\u00e3o prim\u00e1ria\u201d.<\/p>\n<p><em>(Fonte e imagem: Prefeitura de Jundia\u00ed)<\/em><\/p>\n","protected":false},"excerpt":{"rendered":"<p>Representantes se reuniram na tarde desta segunda (12)<\/p>\n","protected":false},"author":11,"featured_media":20075,"comment_status":"closed","ping_status":"closed","sticky":false,"template":"","format":"standard","meta":{"footnotes":""},"categories":[2834,2829,1],"tags":[2112,346,37,556],"class_list":["post-20074","post","type-post","status-publish","format-standard","has-post-thumbnail","hentry","category-cidades","category-economia","category-noticias","tag-cidades","tag-economia","tag-emprego","tag-noticias"],"_links":{"self":[{"href":"https:\/\/tvtecjundiai.com.br\/news\/wp-json\/wp\/v2\/posts\/20074","targetHints":{"allow":["GET"]}}],"collection":[{"href":"https:\/\/tvtecjundiai.com.br\/news\/wp-json\/wp\/v2\/posts"}],"about":[{"href":"https:\/\/tvtecjundiai.com.br\/news\/wp-json\/wp\/v2\/types\/post"}],"author":[{"embeddable":true,"href":"https:\/\/tvtecjundiai.com.br\/news\/wp-json\/wp\/v2\/users\/11"}],"replies":[{"embeddable":true,"href":"https:\/\/tvtecjundiai.com.br\/news\/wp-json\/wp\/v2\/comments?post=20074"}],"version-history":[{"count":1,"href":"https:\/\/tvtecjundiai.com.br\/news\/wp-json\/wp\/v2\/posts\/20074\/revisions"}],"predecessor-version":[{"id":20077,"href":"https:\/\/tvtecjundiai.com.br\/news\/wp-json\/wp\/v2\/posts\/20074\/revisions\/20077"}],"wp:featuredmedia":[{"embeddable":true,"href":"https:\/\/tvtecjundiai.com.br\/news\/wp-json\/wp\/v2\/media\/20075"}],"wp:attachment":[{"href":"https:\/\/tvtecjundiai.com.br\/news\/wp-json\/wp\/v2\/media?parent=20074"}],"wp:term":[{"taxonomy":"category","embeddable":true,"href":"https:\/\/tvtecjundiai.com.br\/news\/wp-json\/wp\/v2\/categories?post=20074"},{"taxonomy":"post_tag","embeddable":true,"href":"https:\/\/tvtecjundiai.com.br\/news\/wp-json\/wp\/v2\/tags?post=20074"}],"curies":[{"name":"wp","href":"https:\/\/api.w.org\/{rel}","templated":true}]}}