{"id":20086,"date":"2018-11-13T10:16:46","date_gmt":"2018-11-13T12:16:46","guid":{"rendered":"https:\/\/tvtecjundiai.com.br\/news\/?p=20086"},"modified":"2018-11-13T16:11:16","modified_gmt":"2018-11-13T18:11:16","slug":"jundiai-e-4a-do-pais-em-ranking-de-evolucao-de-municipios-1","status":"publish","type":"post","link":"https:\/\/tvtecjundiai.com.br\/news\/2018\/11\/13\/jundiai-e-4a-do-pais-em-ranking-de-evolucao-de-municipios-1\/","title":{"rendered":"Jundia\u00ed \u00e9 4\u00aa do Pa\u00eds em ranking de evolu\u00e7\u00e3o de munic\u00edpios"},"content":{"rendered":"<p>Na manh\u00e3 desta segunda-feira (12), o presidente da Macroplan, Cl\u00e1udio Porto, apresentou aos gestores municipais os dados referentes \u00e0 Jundia\u00ed, que est\u00e1 muito bem posicionada no ranking sobre a evolu\u00e7\u00e3o dos cem maiores munic\u00edpios brasileiros na \u00faltima d\u00e9cada, ocupando o 4\u00ba lugar.<\/p>\n<div id=\"attachment_20087\" style=\"width: 460px\" class=\"wp-caption alignright\"><a href=\"https:\/\/tvtecjundiai.com.br\/news\/wp-content\/uploads\/sites\/2\/2018\/11\/auditorio-12.jpg\"><img loading=\"lazy\" decoding=\"async\" aria-describedby=\"caption-attachment-20087\" class=\"wp-image-20087\" src=\"https:\/\/tvtecjundiai.com.br\/news\/wp-content\/uploads\/sites\/2\/2018\/11\/auditorio-12-300x200.jpg\" alt=\"\" width=\"450\" height=\"300\" srcset=\"https:\/\/tvtecjundiai.com.br\/news\/wp-content\/uploads\/sites\/2\/2018\/11\/auditorio-12-300x200.jpg 300w, https:\/\/tvtecjundiai.com.br\/news\/wp-content\/uploads\/sites\/2\/2018\/11\/auditorio-12-768x512.jpg 768w, https:\/\/tvtecjundiai.com.br\/news\/wp-content\/uploads\/sites\/2\/2018\/11\/auditorio-12-1200x800.jpg 1200w, https:\/\/tvtecjundiai.com.br\/news\/wp-content\/uploads\/sites\/2\/2018\/11\/auditorio-12.jpg 1323w\" sizes=\"auto, (max-width: 450px) 100vw, 450px\" \/><\/a><p id=\"caption-attachment-20087\" class=\"wp-caption-text\">Ranking foi divulgado em agosto deste ano pela Macroplan, no qual Jundia\u00ed est\u00e1 com nota 0,733 numa escala que vai at\u00e9 1,0<\/p><\/div>\n<p>O ranking foi divulgado em agosto deste ano pela Macroplan, no qual Jundia\u00ed est\u00e1 com nota 0,733 numa escala que vai at\u00e9 1,0. A evolu\u00e7\u00e3o \u00e9 retratada no \u00cdndice dos Desafios da Gest\u00e3o Municipal (IDGM), que re\u00fane 15 indicadores em quatro \u00e1reas cr\u00edticas para a gest\u00e3o p\u00fablica: Educa\u00e7\u00e3o, Sa\u00fade, Seguran\u00e7a e Saneamento e Sustentabilidade. Para cada \u00e1rea foram identificados os munic\u00edpios de destaque, com as melhores posi\u00e7\u00f5es e maiores evolu\u00e7\u00f5es.\u00a0\u201cJundia\u00ed tem um grande potencial de melhoria por conta da possibilidade de manter uma agenda robusta de m\u00e9dio prazo. \u00c9 importante concentrar recursos no que precisa ser feito e avaliar o reflexo dos projetos implementados na popula\u00e7\u00e3o\u201d, afirmou.<\/p>\n<p>Durante a apresenta\u00e7\u00e3o, Porto explicou que, durante a an\u00e1lise dos dados, os munic\u00edpios s\u00e3o divididos em \u201cclusters\u201d compostos por cidades que tenham caracter\u00edsticas semelhantes. Nesse contexto, Jundia\u00ed se destacou ante os seus pares em quatro pontos principais: matr\u00edculas na pr\u00e9-escola, nota no IDEB, n\u00famero de consultas pr\u00e9-natal e \u00edndice de esgoto tratado. \u201cQuando falo que a quest\u00e3o aqui \u00e9 gest\u00e3o de oportunidades \u00e9 porque o Munic\u00edpio est\u00e1 muito bem posicionado e n\u00e3o \u00e9 necess\u00e1rio fazer grandes ajustes para manter o \u00edndice alcan\u00e7ado\u201d, explicou.<\/p>\n<p>O gestor de Governo e Finan\u00e7as, Jos\u00e9 Antonio Parimoschi, afirmou que os dados apresentados pela Macroplan confirmam a estrat\u00e9gia adotada pela gest\u00e3o do prefeito Luiz Fernando Machado de corrigir pontos falhos e avan\u00e7ar com as entregas que promovam o bem-estar da popula\u00e7\u00e3o. \u201cFizemos um ajuste fiscal profundo no in\u00edcio do ano passado e temos priorizado a aplica\u00e7\u00e3o de recursos nas \u00e1reas priorit\u00e1rias, como Educa\u00e7\u00e3o, Sa\u00fade, Mobilidade e Seguran\u00e7a P\u00fablica. Ainda h\u00e1 ajustes a serem feitos, mas a situa\u00e7\u00e3o est\u00e1 melhorando\u201d, disse.<\/p>\n<p><em>(Fonte\/Imagem: Prefeitura de Jundia\u00ed)<\/em><\/p>\n","protected":false},"excerpt":{"rendered":"<p>Cidade ocupa 4\u00aa posi\u00e7\u00e3o entre os cem maiores munic\u00edpios brasileiros<\/p>\n","protected":false},"author":10,"featured_media":20129,"comment_status":"closed","ping_status":"closed","sticky":false,"template":"","format":"standard","meta":{"footnotes":""},"categories":[2834,29,2829,2828],"tags":[4319,4318,107],"class_list":["post-20086","post","type-post","status-publish","format-standard","has-post-thumbnail","hentry","category-cidades","category-destaque","category-economia","category-educacao","tag-evolucao-dos-cem-maiores-municipios-brasileiros","tag-macroplan","tag-prefeitura-de-jundiai"],"_links":{"self":[{"href":"https:\/\/tvtecjundiai.com.br\/news\/wp-json\/wp\/v2\/posts\/20086","targetHints":{"allow":["GET"]}}],"collection":[{"href":"https:\/\/tvtecjundiai.com.br\/news\/wp-json\/wp\/v2\/posts"}],"about":[{"href":"https:\/\/tvtecjundiai.com.br\/news\/wp-json\/wp\/v2\/types\/post"}],"author":[{"embeddable":true,"href":"https:\/\/tvtecjundiai.com.br\/news\/wp-json\/wp\/v2\/users\/10"}],"replies":[{"embeddable":true,"href":"https:\/\/tvtecjundiai.com.br\/news\/wp-json\/wp\/v2\/comments?post=20086"}],"version-history":[{"count":7,"href":"https:\/\/tvtecjundiai.com.br\/news\/wp-json\/wp\/v2\/posts\/20086\/revisions"}],"predecessor-version":[{"id":20159,"href":"https:\/\/tvtecjundiai.com.br\/news\/wp-json\/wp\/v2\/posts\/20086\/revisions\/20159"}],"wp:featuredmedia":[{"embeddable":true,"href":"https:\/\/tvtecjundiai.com.br\/news\/wp-json\/wp\/v2\/media\/20129"}],"wp:attachment":[{"href":"https:\/\/tvtecjundiai.com.br\/news\/wp-json\/wp\/v2\/media?parent=20086"}],"wp:term":[{"taxonomy":"category","embeddable":true,"href":"https:\/\/tvtecjundiai.com.br\/news\/wp-json\/wp\/v2\/categories?post=20086"},{"taxonomy":"post_tag","embeddable":true,"href":"https:\/\/tvtecjundiai.com.br\/news\/wp-json\/wp\/v2\/tags?post=20086"}],"curies":[{"name":"wp","href":"https:\/\/api.w.org\/{rel}","templated":true}]}}