{"id":20399,"date":"2018-11-22T08:32:57","date_gmt":"2018-11-22T10:32:57","guid":{"rendered":"https:\/\/tvtecjundiai.com.br\/news\/?p=20399"},"modified":"2018-11-22T13:44:28","modified_gmt":"2018-11-22T15:44:28","slug":"criju-promove-concurso-de-presepios","status":"publish","type":"post","link":"https:\/\/tvtecjundiai.com.br\/news\/2018\/11\/22\/criju-promove-concurso-de-presepios\/","title":{"rendered":"Criju promove concurso de pres\u00e9pios"},"content":{"rendered":"<p>O Centro de Refer\u00eancia do Idoso (Criju) promoveu nesta quarta-feira (21) uma competi\u00e7\u00e3o de pres\u00e9pios, em prepara\u00e7\u00e3o para as comemora\u00e7\u00f5es natalinas. As oito obras inscritas por frequentadores do equipamento foram analisadas por servidores das Unidades de Gest\u00e3o de Assist\u00eancia e Desenvolvimento Social (UGADS) e de Cultura (UGC).<\/p>\n<div id=\"attachment_20400\" style=\"width: 410px\" class=\"wp-caption alignright\"><a href=\"https:\/\/tvtecjundiai.com.br\/news\/wp-content\/uploads\/sites\/2\/2018\/11\/criju_presepio-45.jpg\"><img loading=\"lazy\" decoding=\"async\" aria-describedby=\"caption-attachment-20400\" class=\"wp-image-20400\" src=\"https:\/\/tvtecjundiai.com.br\/news\/wp-content\/uploads\/sites\/2\/2018\/11\/criju_presepio-45-300x203.jpg\" alt=\"\" width=\"400\" height=\"271\" srcset=\"https:\/\/tvtecjundiai.com.br\/news\/wp-content\/uploads\/sites\/2\/2018\/11\/criju_presepio-45-300x203.jpg 300w, https:\/\/tvtecjundiai.com.br\/news\/wp-content\/uploads\/sites\/2\/2018\/11\/criju_presepio-45-768x520.jpg 768w, https:\/\/tvtecjundiai.com.br\/news\/wp-content\/uploads\/sites\/2\/2018\/11\/criju_presepio-45-1200x813.jpg 1200w, https:\/\/tvtecjundiai.com.br\/news\/wp-content\/uploads\/sites\/2\/2018\/11\/criju_presepio-45.jpg 1323w\" sizes=\"auto, (max-width: 400px) 100vw, 400px\" \/><\/a><p id=\"caption-attachment-20400\" class=\"wp-caption-text\">Jurados levaram em considera\u00e7\u00e3o crit\u00e9rios relacionados a criatividade, apresenta\u00e7\u00e3o, pesquisa, composi\u00e7\u00e3o e material<\/p><\/div>\n<p>O pres\u00e9pio vencedor, de Maria Dulcineia Almeida Oliveira, trazia em sua confec\u00e7\u00e3o somente materiais em sucata e continha recortes de not\u00edcias com mensagens sociais.<\/p>\n<p>O segundo lugar ficou com Mercedes Mola e o terceiro com Jos\u00e9 Benedito do Nascimento. As obras dos tr\u00eas primeiros colocados ir\u00e3o compor a tradicional exposi\u00e7\u00e3o de pres\u00e9pios do Museu Hist\u00f3rico e Cultural \u2013 Solar do Bar\u00e3o, que abre no dia 14 de dezembro, em comemora\u00e7\u00e3o pelo anivers\u00e1rio de 363 anos de Jundia\u00ed.<\/p>\n<p><strong>Atividades<\/strong><br \/>\nO Criju \u00e9 ligado \u00e0 UGADS e funciona no Complexo Argos (avenida Dr. Cavalcanti, 396, Vila Arens).\u00a0Os interessados devem ser moradores jundiaienses com mais de 60 anos e para se inscreverem devem ir pessoalmente ao equipamento munidos de CPF, RG, duas fotos 3\u00d74 recentes, comprovante de resid\u00eancia, carteirinha da Unidade B\u00e1sica de Sa\u00fade (UBS) e, se tiver, tamb\u00e9m o n\u00famero do NIS (emitido pelo Cadastro \u00danico). Mais informa\u00e7\u00f5es e hor\u00e1rios de realiza\u00e7\u00f5es das oficinas podem ser obtidos pelo telefone (11) 4587-4664.<\/p>\n<p><em>(Fonte e Imagem: Prefeitura de Jundia\u00ed)<\/em><\/p>\n","protected":false},"excerpt":{"rendered":"<p>Os tr\u00eas primeiros colocados ter\u00e3o os trabalhos expostos no Museu Solar do Bar\u00e3o <\/p>\n","protected":false},"author":11,"featured_media":20400,"comment_status":"closed","ping_status":"closed","sticky":false,"template":"","format":"standard","meta":{"footnotes":""},"categories":[2834,1,2824],"tags":[2112,3490,556,517],"class_list":["post-20399","post","type-post","status-publish","format-standard","has-post-thumbnail","hentry","category-cidades","category-noticias","category-variedades","tag-cidades","tag-criju","tag-noticias","tag-variedades"],"_links":{"self":[{"href":"https:\/\/tvtecjundiai.com.br\/news\/wp-json\/wp\/v2\/posts\/20399","targetHints":{"allow":["GET"]}}],"collection":[{"href":"https:\/\/tvtecjundiai.com.br\/news\/wp-json\/wp\/v2\/posts"}],"about":[{"href":"https:\/\/tvtecjundiai.com.br\/news\/wp-json\/wp\/v2\/types\/post"}],"author":[{"embeddable":true,"href":"https:\/\/tvtecjundiai.com.br\/news\/wp-json\/wp\/v2\/users\/11"}],"replies":[{"embeddable":true,"href":"https:\/\/tvtecjundiai.com.br\/news\/wp-json\/wp\/v2\/comments?post=20399"}],"version-history":[{"count":3,"href":"https:\/\/tvtecjundiai.com.br\/news\/wp-json\/wp\/v2\/posts\/20399\/revisions"}],"predecessor-version":[{"id":20441,"href":"https:\/\/tvtecjundiai.com.br\/news\/wp-json\/wp\/v2\/posts\/20399\/revisions\/20441"}],"wp:featuredmedia":[{"embeddable":true,"href":"https:\/\/tvtecjundiai.com.br\/news\/wp-json\/wp\/v2\/media\/20400"}],"wp:attachment":[{"href":"https:\/\/tvtecjundiai.com.br\/news\/wp-json\/wp\/v2\/media?parent=20399"}],"wp:term":[{"taxonomy":"category","embeddable":true,"href":"https:\/\/tvtecjundiai.com.br\/news\/wp-json\/wp\/v2\/categories?post=20399"},{"taxonomy":"post_tag","embeddable":true,"href":"https:\/\/tvtecjundiai.com.br\/news\/wp-json\/wp\/v2\/tags?post=20399"}],"curies":[{"name":"wp","href":"https:\/\/api.w.org\/{rel}","templated":true}]}}