{"id":20425,"date":"2018-11-22T12:13:49","date_gmt":"2018-11-22T14:13:49","guid":{"rendered":"https:\/\/tvtecjundiai.com.br\/news\/?p=20425"},"modified":"2018-11-22T12:13:49","modified_gmt":"2018-11-22T14:13:49","slug":"prefeito-presta-contas-a-moradores-da-roseira","status":"publish","type":"post","link":"https:\/\/tvtecjundiai.com.br\/news\/2018\/11\/22\/prefeito-presta-contas-a-moradores-da-roseira\/","title":{"rendered":"Prefeito presta contas a moradores da Roseira"},"content":{"rendered":"<p>Em linha com a proposta de transpar\u00eancia na gest\u00e3o e maior aproxima\u00e7\u00e3o entre o poder p\u00fablico e a popula\u00e7\u00e3o, o prefeito Luiz Fernando Machado conversou, na noite de quarta-feira (21), com moradores do bairro Roseira. O encontro aconteceu na Emeb Oscar Augusto Guelli, que recentemente recebeu melhorias em sua infraestrutura.<\/p>\n<div id=\"attachment_20426\" style=\"width: 410px\" class=\"wp-caption alignright\"><a href=\"https:\/\/tvtecjundiai.com.br\/news\/wp-content\/uploads\/sites\/2\/2018\/11\/prestacao-de-contas-roseira.jpeg\"><img loading=\"lazy\" decoding=\"async\" aria-describedby=\"caption-attachment-20426\" class=\"wp-image-20426\" src=\"https:\/\/tvtecjundiai.com.br\/news\/wp-content\/uploads\/sites\/2\/2018\/11\/prestacao-de-contas-roseira-300x175.jpeg\" alt=\"\" width=\"400\" height=\"233\" srcset=\"https:\/\/tvtecjundiai.com.br\/news\/wp-content\/uploads\/sites\/2\/2018\/11\/prestacao-de-contas-roseira-300x175.jpeg 300w, https:\/\/tvtecjundiai.com.br\/news\/wp-content\/uploads\/sites\/2\/2018\/11\/prestacao-de-contas-roseira-768x448.jpeg 768w, https:\/\/tvtecjundiai.com.br\/news\/wp-content\/uploads\/sites\/2\/2018\/11\/prestacao-de-contas-roseira-1200x699.jpeg 1200w, https:\/\/tvtecjundiai.com.br\/news\/wp-content\/uploads\/sites\/2\/2018\/11\/prestacao-de-contas-roseira.jpeg 1280w\" sizes=\"auto, (max-width: 400px) 100vw, 400px\" \/><\/a><p id=\"caption-attachment-20426\" class=\"wp-caption-text\">Prefeito destacou a qualidade do ensino oferecido no sistema municipal<\/p><\/div>\n<p>Na ocasi\u00e3o, o chefe do Executivo municipal explicou que est\u00e1 nos planos da gest\u00e3o construir, nos pr\u00f3ximos dois anos, a cobertura das seis quadras de escolas do ensino fundamental que ainda s\u00e3o descobertas. \u201cJ\u00e1 entramos com um pedido de financiamento no Minist\u00e9rio da Educa\u00e7\u00e3o para custear as obras. Estamos aguardando. Caso o dinheiro n\u00e3o seja liberado, vamos estudar a op\u00e7\u00e3o de realizar o servi\u00e7o com recursos pr\u00f3prios\u201d, afirmou Luiz Fernando.<\/p>\n<p>Ainda sobre educa\u00e7\u00e3o, o prefeito lembrou que \u00e9 importante ressaltar a qualidade do ensino oferecido no sistema municipal. \u201c\u00c9 claro que os benef\u00edcios oferecidos pela prefeitura, como material escolar e uniformes, s\u00e3o importantes, mas o que os alunos aprendem em sala de aula \u00e9 o verdadeiro legado que podemos deixar para as nossas crian\u00e7as. Jundia\u00ed est\u00e1 muito bem nesse quesito. Alcan\u00e7amos este ano a meta do Ideb para 2021\u201d, destacou.<\/p>\n<p>O prefeito respondeu, tamb\u00e9m, a demandas sobre Mobilidade Urbana e Tr\u00e2nsito. Um representante da Unidade de Gest\u00e3o de Mobilidade e Transporte (UGMT) explicou aos presentes as a\u00e7\u00f5es que est\u00e3o sendo realizadas para coibir o excesso de velocidade na avenida onde est\u00e1 situada a escola.<\/p>\n<p><em>(Fonte\/Imagem: Prefeitura de Jundia\u00ed)<\/em><\/p>\n","protected":false},"excerpt":{"rendered":"<p>Encontro aconteceu na Emeb Oscar Augusto Guelli<\/p>\n","protected":false},"author":10,"featured_media":20426,"comment_status":"closed","ping_status":"closed","sticky":false,"template":"","format":"standard","meta":{"footnotes":""},"categories":[2834],"tags":[5,3417,1207,4355],"class_list":["post-20425","post","type-post","status-publish","format-standard","has-post-thumbnail","hentry","category-cidades","tag-jundiai","tag-prestacao-de-contas","tag-roseira","tag-roseira-jundiai"],"_links":{"self":[{"href":"https:\/\/tvtecjundiai.com.br\/news\/wp-json\/wp\/v2\/posts\/20425","targetHints":{"allow":["GET"]}}],"collection":[{"href":"https:\/\/tvtecjundiai.com.br\/news\/wp-json\/wp\/v2\/posts"}],"about":[{"href":"https:\/\/tvtecjundiai.com.br\/news\/wp-json\/wp\/v2\/types\/post"}],"author":[{"embeddable":true,"href":"https:\/\/tvtecjundiai.com.br\/news\/wp-json\/wp\/v2\/users\/10"}],"replies":[{"embeddable":true,"href":"https:\/\/tvtecjundiai.com.br\/news\/wp-json\/wp\/v2\/comments?post=20425"}],"version-history":[{"count":1,"href":"https:\/\/tvtecjundiai.com.br\/news\/wp-json\/wp\/v2\/posts\/20425\/revisions"}],"predecessor-version":[{"id":20427,"href":"https:\/\/tvtecjundiai.com.br\/news\/wp-json\/wp\/v2\/posts\/20425\/revisions\/20427"}],"wp:featuredmedia":[{"embeddable":true,"href":"https:\/\/tvtecjundiai.com.br\/news\/wp-json\/wp\/v2\/media\/20426"}],"wp:attachment":[{"href":"https:\/\/tvtecjundiai.com.br\/news\/wp-json\/wp\/v2\/media?parent=20425"}],"wp:term":[{"taxonomy":"category","embeddable":true,"href":"https:\/\/tvtecjundiai.com.br\/news\/wp-json\/wp\/v2\/categories?post=20425"},{"taxonomy":"post_tag","embeddable":true,"href":"https:\/\/tvtecjundiai.com.br\/news\/wp-json\/wp\/v2\/tags?post=20425"}],"curies":[{"name":"wp","href":"https:\/\/api.w.org\/{rel}","templated":true}]}}