{"id":20474,"date":"2018-11-23T10:07:36","date_gmt":"2018-11-23T12:07:36","guid":{"rendered":"https:\/\/tvtecjundiai.com.br\/news\/?p=20474"},"modified":"2018-11-23T11:06:25","modified_gmt":"2018-11-23T13:06:25","slug":"sexta-no-centro-tem-programacao-do-mes-da-consciencia-negra","status":"publish","type":"post","link":"https:\/\/tvtecjundiai.com.br\/news\/2018\/11\/23\/sexta-no-centro-tem-programacao-do-mes-da-consciencia-negra\/","title":{"rendered":"Sexta no Centro tem programa\u00e7\u00e3o do M\u00eas da Consci\u00eancia Negra"},"content":{"rendered":"<p>Nesta sexta-feira (23), a partir das 17h30, a Pra\u00e7a Marechal Floriano Peixoto (Pra\u00e7a do Coreto) recebe mais uma edi\u00e7\u00e3o do Sexta no Centro. O programa de atra\u00e7\u00f5es culturais gratuitas \u00e9 uma realiza\u00e7\u00e3o das Unidades de Gest\u00e3o de Cultura (UGC) e de Agroneg\u00f3cio, Abastecimento e Turismo (UGAAT) e traz nesta edi\u00e7\u00e3o uma programa\u00e7\u00e3o especial em refer\u00eancia ao M\u00eas da Consci\u00eancia Negra.<\/p>\n<div id=\"attachment_20476\" style=\"width: 410px\" class=\"wp-caption alignright\"><a href=\"https:\/\/tvtecjundiai.com.br\/news\/wp-content\/uploads\/sites\/2\/2018\/11\/sexta_no_centro-144-copiar.jpg\"><img loading=\"lazy\" decoding=\"async\" aria-describedby=\"caption-attachment-20476\" class=\"wp-image-20476\" src=\"https:\/\/tvtecjundiai.com.br\/news\/wp-content\/uploads\/sites\/2\/2018\/11\/sexta_no_centro-144-copiar-300x200.jpg\" alt=\"\" width=\"400\" height=\"267\" srcset=\"https:\/\/tvtecjundiai.com.br\/news\/wp-content\/uploads\/sites\/2\/2018\/11\/sexta_no_centro-144-copiar-300x200.jpg 300w, https:\/\/tvtecjundiai.com.br\/news\/wp-content\/uploads\/sites\/2\/2018\/11\/sexta_no_centro-144-copiar-768x512.jpg 768w, https:\/\/tvtecjundiai.com.br\/news\/wp-content\/uploads\/sites\/2\/2018\/11\/sexta_no_centro-144-copiar-1200x800.jpg 1200w, https:\/\/tvtecjundiai.com.br\/news\/wp-content\/uploads\/sites\/2\/2018\/11\/sexta_no_centro-144-copiar.jpg 1323w\" sizes=\"auto, (max-width: 400px) 100vw, 400px\" \/><\/a><p id=\"caption-attachment-20476\" class=\"wp-caption-text\">Edi\u00e7\u00e3o de novembro do Sexta no Centro traz programa\u00e7\u00e3o especial em refer\u00eancia ao M\u00eas da Consci\u00eancia Negra<\/p><\/div>\n<p>O evento come\u00e7a \u00e0s 17h30 com a apresenta\u00e7\u00e3o do grupo Capoeira Idalina, que trar\u00e1 os fundamentos da capoeira \u00e0 Pra\u00e7a do Coreto e segue, \u00e0s 18h, com o show musical Cultura da Exist\u00eancia. \u00c0s 19h30 \u00e9 a vez da apresenta\u00e7\u00e3o de DJs e batalhas de BBoys. O programa ser\u00e1 encerrado com a apresenta\u00e7\u00e3o musical \u201cCheguei l\u00e1\u201d de Jo\u00e3o Fernandes, que ir\u00e1 apresentar um aut\u00eantico repert\u00f3rio de sambas sobre a luta e resist\u00eancia da m\u00fasica afro-brasileira e arranjos pr\u00f3prios que mant\u00eam a tradi\u00e7\u00e3o do samba em sua ess\u00eancia.<\/p>\n<p><strong>Gastronomia<\/strong><br \/>\nOs permission\u00e1rios das feiras e varej\u00f5es municipais ter\u00e3o em suas barracas na Pra\u00e7a do Coreto diversas op\u00e7\u00f5es gastron\u00f4micas, como salgados, pasteis, p\u00e3es, lanches, espetinhos, comida \u00e1rabe, pamonha e derivados de milho, tapioca e frango frito, caldo de cana, al\u00e9m dos doces, bolos, churros, salada de fruta e chope.<\/p>\n<p>A agenda cultural completa do Munic\u00edpio est\u00e1 dispon\u00edvel no Aplicativo Jundia\u00ed, ferramenta que pode ser baixada em qualquer smartphone\u00a0<strong><a href=\"https:\/\/play.google.com\/store\/apps\/details?id=br.gov.sp.cijun.appjun\" target=\"_blank\" rel=\"noopener\">Android<\/a><\/strong>\u00a0ou\u00a0<strong><a href=\"https:\/\/itunes.apple.com\/br\/app\/prefeitura-de-jundiai\/id1211377720\" target=\"_blank\" rel=\"noopener\">Iphone<\/a><\/strong>.<\/p>\n<p><em>(Fonte\/Imagem: Prefeitura de Jundia\u00ed)<\/em><\/p>\n","protected":false},"excerpt":{"rendered":"<p>Evento come\u00e7a \u00e0 17h30 e ser\u00e1 na Pra\u00e7a do Coreto<\/p>\n","protected":false},"author":10,"featured_media":20476,"comment_status":"closed","ping_status":"closed","sticky":false,"template":"","format":"standard","meta":{"footnotes":""},"categories":[2834,2833,29,2824],"tags":[],"class_list":["post-20474","post","type-post","status-publish","format-standard","has-post-thumbnail","hentry","category-cidades","category-cultura","category-destaque","category-variedades"],"_links":{"self":[{"href":"https:\/\/tvtecjundiai.com.br\/news\/wp-json\/wp\/v2\/posts\/20474","targetHints":{"allow":["GET"]}}],"collection":[{"href":"https:\/\/tvtecjundiai.com.br\/news\/wp-json\/wp\/v2\/posts"}],"about":[{"href":"https:\/\/tvtecjundiai.com.br\/news\/wp-json\/wp\/v2\/types\/post"}],"author":[{"embeddable":true,"href":"https:\/\/tvtecjundiai.com.br\/news\/wp-json\/wp\/v2\/users\/10"}],"replies":[{"embeddable":true,"href":"https:\/\/tvtecjundiai.com.br\/news\/wp-json\/wp\/v2\/comments?post=20474"}],"version-history":[{"count":1,"href":"https:\/\/tvtecjundiai.com.br\/news\/wp-json\/wp\/v2\/posts\/20474\/revisions"}],"predecessor-version":[{"id":20477,"href":"https:\/\/tvtecjundiai.com.br\/news\/wp-json\/wp\/v2\/posts\/20474\/revisions\/20477"}],"wp:featuredmedia":[{"embeddable":true,"href":"https:\/\/tvtecjundiai.com.br\/news\/wp-json\/wp\/v2\/media\/20476"}],"wp:attachment":[{"href":"https:\/\/tvtecjundiai.com.br\/news\/wp-json\/wp\/v2\/media?parent=20474"}],"wp:term":[{"taxonomy":"category","embeddable":true,"href":"https:\/\/tvtecjundiai.com.br\/news\/wp-json\/wp\/v2\/categories?post=20474"},{"taxonomy":"post_tag","embeddable":true,"href":"https:\/\/tvtecjundiai.com.br\/news\/wp-json\/wp\/v2\/tags?post=20474"}],"curies":[{"name":"wp","href":"https:\/\/api.w.org\/{rel}","templated":true}]}}