{"id":20658,"date":"2018-11-27T18:15:10","date_gmt":"2018-11-27T20:15:10","guid":{"rendered":"https:\/\/tvtecjundiai.com.br\/news\/?p=20658"},"modified":"2018-11-27T18:15:28","modified_gmt":"2018-11-27T20:15:28","slug":"filhotes-salvos-por-coletores-de-lixo-sao-adotados","status":"publish","type":"post","link":"https:\/\/tvtecjundiai.com.br\/news\/2018\/11\/27\/filhotes-salvos-por-coletores-de-lixo-sao-adotados\/","title":{"rendered":"Filhotes salvos por coletores de lixo s\u00e3o adotados"},"content":{"rendered":"<div id=\"attachment_20659\" style=\"width: 410px\" class=\"wp-caption alignright\"><a href=\"https:\/\/tvtecjundiai.com.br\/news\/wp-content\/uploads\/sites\/2\/2018\/11\/lixeiro-sandra-2.jpg\"><img loading=\"lazy\" decoding=\"async\" aria-describedby=\"caption-attachment-20659\" class=\"wp-image-20659\" src=\"https:\/\/tvtecjundiai.com.br\/news\/wp-content\/uploads\/sites\/2\/2018\/11\/lixeiro-sandra-2-300x225.jpg\" alt=\"\" width=\"400\" height=\"300\" srcset=\"https:\/\/tvtecjundiai.com.br\/news\/wp-content\/uploads\/sites\/2\/2018\/11\/lixeiro-sandra-2-300x225.jpg 300w, https:\/\/tvtecjundiai.com.br\/news\/wp-content\/uploads\/sites\/2\/2018\/11\/lixeiro-sandra-2.jpg 720w\" sizes=\"auto, (max-width: 400px) 100vw, 400px\" \/><\/a><p id=\"caption-attachment-20659\" class=\"wp-caption-text\">As duas f\u00eameas e um macho foram doados rapidamente e j\u00e1 est\u00e3o em lares amorosos<\/p><\/div>\n<p>J\u00e1 foram adotados os tr\u00eas filhotes encontrados por coletores de lixo abandonados em uma caixa no bairro Medeiros, em Jundia\u00ed, na sexta-feira (24). Eles estavam prestes a ser lan\u00e7ados no triturador do caminh\u00e3o quando os coletores os resgataram.\u00a0As duas f\u00eameas e um macho foram doados rapidamente e j\u00e1 est\u00e3o em lares amorosos.<\/p>\n<p>\u201cEles souberam de uma moradora do bairro que cuida de alguns cachorros no seu quintal. Esses animais s\u00e3o de minha responsabilidade, e ela cuida pra mim, porque pago lar tempor\u00e1rio para eles\u201d, disse a protetora Sandra Blasio. \u201cQuando ela foi procurada, imediatamente me acionou, e ent\u00e3o demos in\u00edcio a um processo para do\u00e1-los\u201d.<\/p>\n<p>Os animais passaram por avalia\u00e7\u00e3o veterin\u00e1ria e, logo depois, Sandra conseguiu que a protetora Sumaia Cristina, do Grupo Bom Amigo, recebesse os animais em sua feirinha de ado\u00e7\u00e3o. \u201cL\u00e1 eles foram todos adotados. Agrade\u00e7o imensamente de cora\u00e7\u00e3o \u00e0 Sumaia pela ajuda. Sou muito grata a ela\u201d, disse Sandra, lembrando que o post feito por ela para conseguir ajuda teve mais de 100 compartilhamentos. \u201cAgrade\u00e7o a todos que nos ajudaram de alguma forma, como sempre fazem\u201d.<\/p>\n<p><em>(Fonte\/Imagens: Not\u00edcia Animal)<\/em><\/p>\n","protected":false},"excerpt":{"rendered":"<p>As duas f\u00eameas e um macho foram doados rapidamente e j\u00e1 est\u00e3o em lares amorosos<\/p>\n","protected":false},"author":10,"featured_media":20660,"comment_status":"closed","ping_status":"closed","sticky":false,"template":"","format":"standard","meta":{"footnotes":""},"categories":[2834,2824],"tags":[],"class_list":["post-20658","post","type-post","status-publish","format-standard","has-post-thumbnail","hentry","category-cidades","category-variedades"],"_links":{"self":[{"href":"https:\/\/tvtecjundiai.com.br\/news\/wp-json\/wp\/v2\/posts\/20658","targetHints":{"allow":["GET"]}}],"collection":[{"href":"https:\/\/tvtecjundiai.com.br\/news\/wp-json\/wp\/v2\/posts"}],"about":[{"href":"https:\/\/tvtecjundiai.com.br\/news\/wp-json\/wp\/v2\/types\/post"}],"author":[{"embeddable":true,"href":"https:\/\/tvtecjundiai.com.br\/news\/wp-json\/wp\/v2\/users\/10"}],"replies":[{"embeddable":true,"href":"https:\/\/tvtecjundiai.com.br\/news\/wp-json\/wp\/v2\/comments?post=20658"}],"version-history":[{"count":2,"href":"https:\/\/tvtecjundiai.com.br\/news\/wp-json\/wp\/v2\/posts\/20658\/revisions"}],"predecessor-version":[{"id":20662,"href":"https:\/\/tvtecjundiai.com.br\/news\/wp-json\/wp\/v2\/posts\/20658\/revisions\/20662"}],"wp:featuredmedia":[{"embeddable":true,"href":"https:\/\/tvtecjundiai.com.br\/news\/wp-json\/wp\/v2\/media\/20660"}],"wp:attachment":[{"href":"https:\/\/tvtecjundiai.com.br\/news\/wp-json\/wp\/v2\/media?parent=20658"}],"wp:term":[{"taxonomy":"category","embeddable":true,"href":"https:\/\/tvtecjundiai.com.br\/news\/wp-json\/wp\/v2\/categories?post=20658"},{"taxonomy":"post_tag","embeddable":true,"href":"https:\/\/tvtecjundiai.com.br\/news\/wp-json\/wp\/v2\/tags?post=20658"}],"curies":[{"name":"wp","href":"https:\/\/api.w.org\/{rel}","templated":true}]}}