{"id":20735,"date":"2018-11-28T17:37:40","date_gmt":"2018-11-28T19:37:40","guid":{"rendered":"https:\/\/tvtecjundiai.com.br\/news\/?p=20735"},"modified":"2018-11-28T17:40:39","modified_gmt":"2018-11-28T19:40:39","slug":"multinacional-vai-gerar-mais-empregos-em-jundiai","status":"publish","type":"post","link":"https:\/\/tvtecjundiai.com.br\/news\/2018\/11\/28\/multinacional-vai-gerar-mais-empregos-em-jundiai\/","title":{"rendered":"Multinacional vai gerar mais empregos em Jundia\u00ed"},"content":{"rendered":"<p>Com a presen\u00e7a do prefeito Luiz Fernando Machado, a empresa francesa do ramo farmac\u00eautico Besins Healthcare inaugurou oficialmente, nesta quarta-feira (28), a sua f\u00e1brica em Jundia\u00ed, constru\u00edda em uma \u00e1rea de 3 mil m\u00b2 com investimento de R$ 11 milh\u00f5es. A unidade vai gerar 30 novos postos de trabalho no Munic\u00edpio. Em outubro deste ano, Jundia\u00ed foi a segunda cidade do Estado na cria\u00e7\u00e3o de empregos, segundo dados do Caged, tendo aberto 769 vagas com carteira assinada (saldo de contrata\u00e7\u00f5es menos demiss\u00f5es).<\/p>\n<div id=\"attachment_20737\" style=\"width: 460px\" class=\"wp-caption alignright\"><a href=\"https:\/\/tvtecjundiai.com.br\/news\/wp-content\/uploads\/sites\/2\/2018\/11\/inauguracao-besins_prefeito-luiz-fernando-157.jpg\"><img loading=\"lazy\" decoding=\"async\" aria-describedby=\"caption-attachment-20737\" class=\"wp-image-20737\" src=\"https:\/\/tvtecjundiai.com.br\/news\/wp-content\/uploads\/sites\/2\/2018\/11\/inauguracao-besins_prefeito-luiz-fernando-157-300x159.jpg\" alt=\"\" width=\"450\" height=\"239\" srcset=\"https:\/\/tvtecjundiai.com.br\/news\/wp-content\/uploads\/sites\/2\/2018\/11\/inauguracao-besins_prefeito-luiz-fernando-157-300x159.jpg 300w, https:\/\/tvtecjundiai.com.br\/news\/wp-content\/uploads\/sites\/2\/2018\/11\/inauguracao-besins_prefeito-luiz-fernando-157-768x408.jpg 768w, https:\/\/tvtecjundiai.com.br\/news\/wp-content\/uploads\/sites\/2\/2018\/11\/inauguracao-besins_prefeito-luiz-fernando-157-1200x638.jpg 1200w, https:\/\/tvtecjundiai.com.br\/news\/wp-content\/uploads\/sites\/2\/2018\/11\/inauguracao-besins_prefeito-luiz-fernando-157.jpg 1323w\" sizes=\"auto, (max-width: 450px) 100vw, 450px\" \/><\/a><p id=\"caption-attachment-20737\" class=\"wp-caption-text\">Luiz Fernando ressaltou que gest\u00e3o trabalha para manter Jundia\u00ed como refer\u00eancia global<\/p><\/div>\n<p>Na ocasi\u00e3o, o prefeito destacou que a vinda do grupo agrega valor \u00e0 cidade, cuja gest\u00e3o vem trabalhando fortemente para manter o seu status de \u201cbusiness friendly\u201d (favor\u00e1vel a neg\u00f3cios). \u201cN\u00f3s acreditamos em um Estado menor, com o poder p\u00fablico agindo como indutor da gera\u00e7\u00e3o de empregos pela iniciativa privada. \u00c9 sob esta \u00f3tica que temos trabalhado desde o in\u00edcio do ano passado\u201d, disse Luiz Fernando. \u201cVamos continuar nos esfor\u00e7ando para manter Jundia\u00ed como refer\u00eancia no mercado global\u201d, completou.<\/p>\n<p>A presidente da Besins no Brasil, Laurena Magnoni, disse que a inaugura\u00e7\u00e3o \u00e9 um marco hist\u00f3rico para o grupo franc\u00eas, fundado em 1885 por Abel Besins. \u201cVamos implantar uma opera\u00e7\u00e3o de destaque em Jundia\u00ed que vai contribuir significantemente para ampliar a nossa presen\u00e7a na Am\u00e9rica Latina e tamb\u00e9m na comunidade local. A empresa atinge um novo patamar com inaugura\u00e7\u00e3o desta planta em Jundia\u00ed\u201d, afirmou.<\/p>\n<p>A executiva, que participou do \u201cCaf\u00e9 com o Prefeito\u201d em maio deste ano, voltou a afirmar que a interlocu\u00e7\u00e3o com a Prefeitura e os \u00edndices de qualidade de vida de Jundia\u00ed foram determinantes para a escolha do grupo. \u201cNossa empresa preza muito pelo bem-estar dos colaboradores e, por isso, temos convic\u00e7\u00e3o de que fizemos a aposta certa\u201d, afirmou. O principal objetivo da empresa com a nova f\u00e1brica ser\u00e1 a produ\u00e7\u00e3o de suplementos alimentares inovadores como, por exemplo, as linhas Ogestan, Andractiv e Inversion.<\/p>\n<p><em>(Fonte\/Imagem: Prefeitura de Jundia\u00ed)<\/em><\/p>\n","protected":false},"excerpt":{"rendered":"<p>Unidade foi constru\u00edda em \u00e1rea de 3 mil m\u00b2 com investimento de R$ 11 milh\u00f5es<\/p>\n","protected":false},"author":10,"featured_media":20736,"comment_status":"closed","ping_status":"closed","sticky":false,"template":"","format":"standard","meta":{"footnotes":""},"categories":[2834,29,2829],"tags":[4382,4121],"class_list":["post-20735","post","type-post","status-publish","format-standard","has-post-thumbnail","hentry","category-cidades","category-destaque","category-economia","tag-besins-healthcare","tag-emprego-jundiai"],"_links":{"self":[{"href":"https:\/\/tvtecjundiai.com.br\/news\/wp-json\/wp\/v2\/posts\/20735","targetHints":{"allow":["GET"]}}],"collection":[{"href":"https:\/\/tvtecjundiai.com.br\/news\/wp-json\/wp\/v2\/posts"}],"about":[{"href":"https:\/\/tvtecjundiai.com.br\/news\/wp-json\/wp\/v2\/types\/post"}],"author":[{"embeddable":true,"href":"https:\/\/tvtecjundiai.com.br\/news\/wp-json\/wp\/v2\/users\/10"}],"replies":[{"embeddable":true,"href":"https:\/\/tvtecjundiai.com.br\/news\/wp-json\/wp\/v2\/comments?post=20735"}],"version-history":[{"count":3,"href":"https:\/\/tvtecjundiai.com.br\/news\/wp-json\/wp\/v2\/posts\/20735\/revisions"}],"predecessor-version":[{"id":20740,"href":"https:\/\/tvtecjundiai.com.br\/news\/wp-json\/wp\/v2\/posts\/20735\/revisions\/20740"}],"wp:featuredmedia":[{"embeddable":true,"href":"https:\/\/tvtecjundiai.com.br\/news\/wp-json\/wp\/v2\/media\/20736"}],"wp:attachment":[{"href":"https:\/\/tvtecjundiai.com.br\/news\/wp-json\/wp\/v2\/media?parent=20735"}],"wp:term":[{"taxonomy":"category","embeddable":true,"href":"https:\/\/tvtecjundiai.com.br\/news\/wp-json\/wp\/v2\/categories?post=20735"},{"taxonomy":"post_tag","embeddable":true,"href":"https:\/\/tvtecjundiai.com.br\/news\/wp-json\/wp\/v2\/tags?post=20735"}],"curies":[{"name":"wp","href":"https:\/\/api.w.org\/{rel}","templated":true}]}}