{"id":20741,"date":"2018-11-29T08:16:02","date_gmt":"2018-11-29T10:16:02","guid":{"rendered":"https:\/\/tvtecjundiai.com.br\/news\/?p=20741"},"modified":"2018-11-29T14:01:40","modified_gmt":"2018-11-29T16:01:40","slug":"jundiai-realiza-encontro-sobre-acumulacao-compulsiva","status":"publish","type":"post","link":"https:\/\/tvtecjundiai.com.br\/news\/2018\/11\/29\/jundiai-realiza-encontro-sobre-acumulacao-compulsiva\/","title":{"rendered":"Jundia\u00ed realiza encontro sobre Acumula\u00e7\u00e3o Compulsiva"},"content":{"rendered":"<p>A Prefeitura de Jundia\u00ed, por meio da Unidade de Gest\u00e3o de Promo\u00e7\u00e3o da Sa\u00fade (UGPS)\u00a0realiza o II Encontro sobre Acumula\u00e7\u00e3o Compulsiva\u00a0para debater o tema com a\u00a0proposta de sensibilizar e compartilhar experi\u00eancias relativas \u00e0 situa\u00e7\u00e3o de acumula\u00e7\u00e3o compulsiva, construindo fundamentos para a melhoria da articula\u00e7\u00e3o entre os diferentes setores p\u00fablicos e atores da sociedade.\u00a0A reuni\u00e3o ser\u00e1 no\u00a05 de dezembro, das 8h \u00e0s 17h, no audit\u00f3rio da UNIP.<\/p>\n<div id=\"attachment_20742\" style=\"width: 410px\" class=\"wp-caption alignright\"><a href=\"https:\/\/tvtecjundiai.com.br\/news\/wp-content\/uploads\/sites\/2\/2018\/11\/cda4595.jpg\"><img loading=\"lazy\" decoding=\"async\" aria-describedby=\"caption-attachment-20742\" class=\"wp-image-20742\" src=\"https:\/\/tvtecjundiai.com.br\/news\/wp-content\/uploads\/sites\/2\/2018\/11\/cda4595-300x200.jpg\" alt=\"\" width=\"400\" height=\"267\" srcset=\"https:\/\/tvtecjundiai.com.br\/news\/wp-content\/uploads\/sites\/2\/2018\/11\/cda4595-300x200.jpg 300w, https:\/\/tvtecjundiai.com.br\/news\/wp-content\/uploads\/sites\/2\/2018\/11\/cda4595-768x512.jpg 768w, https:\/\/tvtecjundiai.com.br\/news\/wp-content\/uploads\/sites\/2\/2018\/11\/cda4595-1200x800.jpg 1200w, https:\/\/tvtecjundiai.com.br\/news\/wp-content\/uploads\/sites\/2\/2018\/11\/cda4595.jpg 1323w\" sizes=\"auto, (max-width: 400px) 100vw, 400px\" \/><\/a><p id=\"caption-attachment-20742\" class=\"wp-caption-text\">A meta \u00e9 buscar a integralidade do cuidado e a prote\u00e7\u00e3o das pessoas<\/p><\/div>\n<p>Os casos de acumula\u00e7\u00e3o compulsiva s\u00e3o caracterizados pelo\u00a0ac\u00famulo excessivo de objetos, res\u00edduos ou animais, associado \u00e0 dificuldade de organiza\u00e7\u00e3o e manuten\u00e7\u00e3o da higiene e salubridade do ambiente, com potencial risco \u00e0 sa\u00fade individual e coletiva. \u201cRespeitar o processo, o momento, os limites de cada um \u00e9 o que permitir\u00e1 o cuidado a pessoa em situa\u00e7\u00e3o de acumula\u00e7\u00e3o compulsiva\u201d, explica a Aline Aleixo, psic\u00f3loga do CAPS.<\/p>\n<p>Em Jundia\u00ed, segundo levantamento da UGPS e da Unidade de Gest\u00e3o de Assist\u00eancia e Desenvolvimento Social (UGADS), s\u00e3o conhecidos 75 casos de acumuladores, distribu\u00eddos em v\u00e1rios bairros da cidade. N\u00e3o existe um \u00fanico perfil para os acumuladores.\u00a0Dos casos conhecidos, a faixa et\u00e1ria acima de 60 anos e de 51 a 59 anos est\u00e3o entre as das pessoas que mais vivenciam a situa\u00e7\u00e3o. Em rela\u00e7\u00e3o ao g\u00eanero, 56% s\u00e3o mulheres e 44% homens.<\/p>\n<p>De acordo com Roberta Ribeiro, assistente social da Vigil\u00e2ncia Epidemiol\u00f3gica e integrante do Grupo T\u00e9cnico Acumula\u00e7\u00e3o Compulsiva (com participa\u00e7\u00e3o de representantes de v\u00e1rias Unidades de Gest\u00e3o e de servi\u00e7os oferecidos na rede), a realiza\u00e7\u00e3o do evento \u00e9 importante para a divulga\u00e7\u00e3o e sensibiliza\u00e7\u00e3o.<\/p>\n<p><em>(Fonte e imagem: Prefeitura de Jundia\u00ed)<\/em><\/p>\n","protected":false},"excerpt":{"rendered":"<p>O evento \u00e9 aberto ao p\u00fablico e gratuito, mas \u00e9 necess\u00e1ria a realiza\u00e7\u00e3o de inscri\u00e7\u00e3o pr\u00e9via <\/p>\n","protected":false},"author":11,"featured_media":20742,"comment_status":"closed","ping_status":"closed","sticky":false,"template":"","format":"standard","meta":{"footnotes":""},"categories":[2834,1,2839],"tags":[556,6,1615],"class_list":["post-20741","post","type-post","status-publish","format-standard","has-post-thumbnail","hentry","category-cidades","category-noticias","category-saude","tag-noticias","tag-saude","tag-ugps"],"_links":{"self":[{"href":"https:\/\/tvtecjundiai.com.br\/news\/wp-json\/wp\/v2\/posts\/20741","targetHints":{"allow":["GET"]}}],"collection":[{"href":"https:\/\/tvtecjundiai.com.br\/news\/wp-json\/wp\/v2\/posts"}],"about":[{"href":"https:\/\/tvtecjundiai.com.br\/news\/wp-json\/wp\/v2\/types\/post"}],"author":[{"embeddable":true,"href":"https:\/\/tvtecjundiai.com.br\/news\/wp-json\/wp\/v2\/users\/11"}],"replies":[{"embeddable":true,"href":"https:\/\/tvtecjundiai.com.br\/news\/wp-json\/wp\/v2\/comments?post=20741"}],"version-history":[{"count":3,"href":"https:\/\/tvtecjundiai.com.br\/news\/wp-json\/wp\/v2\/posts\/20741\/revisions"}],"predecessor-version":[{"id":20784,"href":"https:\/\/tvtecjundiai.com.br\/news\/wp-json\/wp\/v2\/posts\/20741\/revisions\/20784"}],"wp:featuredmedia":[{"embeddable":true,"href":"https:\/\/tvtecjundiai.com.br\/news\/wp-json\/wp\/v2\/media\/20742"}],"wp:attachment":[{"href":"https:\/\/tvtecjundiai.com.br\/news\/wp-json\/wp\/v2\/media?parent=20741"}],"wp:term":[{"taxonomy":"category","embeddable":true,"href":"https:\/\/tvtecjundiai.com.br\/news\/wp-json\/wp\/v2\/categories?post=20741"},{"taxonomy":"post_tag","embeddable":true,"href":"https:\/\/tvtecjundiai.com.br\/news\/wp-json\/wp\/v2\/tags?post=20741"}],"curies":[{"name":"wp","href":"https:\/\/api.w.org\/{rel}","templated":true}]}}