{"id":20755,"date":"2018-11-29T10:44:17","date_gmt":"2018-11-29T12:44:17","guid":{"rendered":"https:\/\/tvtecjundiai.com.br\/news\/?p=20755"},"modified":"2018-11-30T09:40:01","modified_gmt":"2018-11-30T11:40:01","slug":"taxa-de-desemprego-cai-para-117-em-outrubro","status":"publish","type":"post","link":"https:\/\/tvtecjundiai.com.br\/news\/2018\/11\/29\/taxa-de-desemprego-cai-para-117-em-outrubro\/","title":{"rendered":"Taxa de desemprego cai para 11,7% em outubro"},"content":{"rendered":"<p>A taxa de desocupa\u00e7\u00e3o fechou o trimestre m\u00f3vel no m\u00eas de outubro em 11,7%, caindo 0,6 ponto percentual em rela\u00e7\u00e3o ao trimestre anterior (maio\/julho) &#8211; quando a taxa foi 12,3% &#8211; de acordo com informa\u00e7\u00f5es divulgadas nesta quinta-feira (29) pelo\u00a0Instituto Brasileiro de Geografia e Estat\u00edstica (IBGE).<\/p>\n<div id=\"attachment_20756\" style=\"width: 410px\" class=\"wp-caption alignright\"><a href=\"https:\/\/tvtecjundiai.com.br\/news\/wp-content\/uploads\/sites\/2\/2018\/11\/agenciabrasil161112wdo_7717.jpg\"><img loading=\"lazy\" decoding=\"async\" aria-describedby=\"caption-attachment-20756\" class=\"wp-image-20756\" src=\"https:\/\/tvtecjundiai.com.br\/news\/wp-content\/uploads\/sites\/2\/2018\/11\/agenciabrasil161112wdo_7717-300x200.jpg\" alt=\"\" width=\"400\" height=\"267\" srcset=\"https:\/\/tvtecjundiai.com.br\/news\/wp-content\/uploads\/sites\/2\/2018\/11\/agenciabrasil161112wdo_7717-300x200.jpg 300w, https:\/\/tvtecjundiai.com.br\/news\/wp-content\/uploads\/sites\/2\/2018\/11\/agenciabrasil161112wdo_7717-768x512.jpg 768w, https:\/\/tvtecjundiai.com.br\/news\/wp-content\/uploads\/sites\/2\/2018\/11\/agenciabrasil161112wdo_7717.jpg 1140w\" sizes=\"auto, (max-width: 400px) 100vw, 400px\" \/><\/a><p id=\"caption-attachment-20756\" class=\"wp-caption-text\">Pa\u00eds ainda tem 12,4 milh\u00f5es de pessoas sem emprego<\/p><\/div>\n<p>Ainda assim, o pa\u00eds fechou o trimestre m\u00f3vel encerrado em outubro com uma popula\u00e7\u00e3o de 12,4 milh\u00f5es de pessoas desempregadas, n\u00famero que, no entanto, registra 4% inferior ao do trimestre encerrado em julho \u2013 menos 517 mil pessoas sem emprego. Em rela\u00e7\u00e3o ao mesmo trimestre m\u00f3vel de igual per\u00edodo do ano passado, quando a taxa de desemprego estava em 12,2%, com queda de -0,5 ponto percentual.<\/p>\n<p>Os dados do IBGE indicam que a popula\u00e7\u00e3o ocupada no final de outubro chegava a 92,9 milh\u00f5es, um aumento de 1,4% (mais 1,2 milh\u00e3o de pessoas) em rela\u00e7\u00e3o ao trimestre de maio a julho deste ano; e mais 1,5% (1,4 milh\u00e3o de pessoas) na compara\u00e7\u00e3o com o trimestre de agosto a outubro de 2017.<\/p>\n<p>Segundo a pesquisa, as 12,4 milh\u00f5es de pessoas que integravam a popula\u00e7\u00e3o desocupada no trimestre m\u00f3vel encerrado em outubro representava uma queda de 4,0% (menos 517 mil pessoas) frente ao trimestre de maio a julho de 2018. No confronto com igual trimestre de 2017, houve redu\u00e7\u00e3o de -3,1% (menos 389 mil pessoas).<\/p>\n<p><em>(Fonte: Ag\u00eancia Brasil; Imagem: Wilson Dias; Capa: Divulga\u00e7\u00e3o)<\/em><\/p>\n","protected":false},"excerpt":{"rendered":"<p>IBGE indica que a popula\u00e7\u00e3o ocupada no final de outubro chegava a 92,9 milh\u00f5es<\/p>\n","protected":false},"author":10,"featured_media":20757,"comment_status":"closed","ping_status":"closed","sticky":false,"template":"","format":"standard","meta":{"footnotes":""},"categories":[2834,2829],"tags":[184,1251,4383],"class_list":["post-20755","post","type-post","status-publish","format-standard","has-post-thumbnail","hentry","category-cidades","category-economia","tag-desemprego","tag-queda-do-desemprego","tag-taxa-de-desemprego"],"_links":{"self":[{"href":"https:\/\/tvtecjundiai.com.br\/news\/wp-json\/wp\/v2\/posts\/20755","targetHints":{"allow":["GET"]}}],"collection":[{"href":"https:\/\/tvtecjundiai.com.br\/news\/wp-json\/wp\/v2\/posts"}],"about":[{"href":"https:\/\/tvtecjundiai.com.br\/news\/wp-json\/wp\/v2\/types\/post"}],"author":[{"embeddable":true,"href":"https:\/\/tvtecjundiai.com.br\/news\/wp-json\/wp\/v2\/users\/10"}],"replies":[{"embeddable":true,"href":"https:\/\/tvtecjundiai.com.br\/news\/wp-json\/wp\/v2\/comments?post=20755"}],"version-history":[{"count":2,"href":"https:\/\/tvtecjundiai.com.br\/news\/wp-json\/wp\/v2\/posts\/20755\/revisions"}],"predecessor-version":[{"id":20830,"href":"https:\/\/tvtecjundiai.com.br\/news\/wp-json\/wp\/v2\/posts\/20755\/revisions\/20830"}],"wp:featuredmedia":[{"embeddable":true,"href":"https:\/\/tvtecjundiai.com.br\/news\/wp-json\/wp\/v2\/media\/20757"}],"wp:attachment":[{"href":"https:\/\/tvtecjundiai.com.br\/news\/wp-json\/wp\/v2\/media?parent=20755"}],"wp:term":[{"taxonomy":"category","embeddable":true,"href":"https:\/\/tvtecjundiai.com.br\/news\/wp-json\/wp\/v2\/categories?post=20755"},{"taxonomy":"post_tag","embeddable":true,"href":"https:\/\/tvtecjundiai.com.br\/news\/wp-json\/wp\/v2\/tags?post=20755"}],"curies":[{"name":"wp","href":"https:\/\/api.w.org\/{rel}","templated":true}]}}