{"id":20759,"date":"2018-11-29T11:11:01","date_gmt":"2018-11-29T13:11:01","guid":{"rendered":"https:\/\/tvtecjundiai.com.br\/news\/?p=20759"},"modified":"2018-11-29T11:11:30","modified_gmt":"2018-11-29T13:11:30","slug":"3o-festival-vegano-de-jundiai-e-neste-domingo-2","status":"publish","type":"post","link":"https:\/\/tvtecjundiai.com.br\/news\/2018\/11\/29\/3o-festival-vegano-de-jundiai-e-neste-domingo-2\/","title":{"rendered":"3\u00ba Festival Vegano de Jundia\u00ed \u00e9 neste domingo (2)"},"content":{"rendered":"<div id=\"attachment_20762\" style=\"width: 410px\" class=\"wp-caption alignright\"><a href=\"https:\/\/tvtecjundiai.com.br\/news\/wp-content\/uploads\/sites\/2\/2018\/11\/veganomironga_hamburguer_artesanal.jpg\"><img loading=\"lazy\" decoding=\"async\" aria-describedby=\"caption-attachment-20762\" class=\"wp-image-20762\" src=\"https:\/\/tvtecjundiai.com.br\/news\/wp-content\/uploads\/sites\/2\/2018\/11\/veganomironga_hamburguer_artesanal-300x209.jpg\" alt=\"\" width=\"400\" height=\"278\" srcset=\"https:\/\/tvtecjundiai.com.br\/news\/wp-content\/uploads\/sites\/2\/2018\/11\/veganomironga_hamburguer_artesanal-300x209.jpg 300w, https:\/\/tvtecjundiai.com.br\/news\/wp-content\/uploads\/sites\/2\/2018\/11\/veganomironga_hamburguer_artesanal.jpg 620w\" sizes=\"auto, (max-width: 400px) 100vw, 400px\" \/><\/a><p id=\"caption-attachment-20762\" class=\"wp-caption-text\">Evento ter\u00e1 op\u00e7\u00f5es veganas de alimenta\u00e7\u00e3o e presentes<\/p><\/div>\n<p>O Complexo Educaciona, Cultural e Esportivo (CECE) Francisco Dal Santo recebe, neste domingo (2), das 10 \u00e0s 19 horas, o 3\u00ba Festival Vegano de Jundia\u00ed (VegJu). Na entrada, a\u00a0organiza\u00e7\u00e3o pede a doa\u00e7\u00e3o de 1 kg de alimento n\u00e3o perec\u00edvel, que ser\u00e1 direcionado ao Fundo Social de Solidariedade (Funss) de Jundia\u00ed, ou ra\u00e7\u00e3o, que ser\u00e1 destinada \u00e0s ONGs da cidade. O CECE Dal Santo fica na rua Cica, 1345, Vila Rami.<\/p>\n<p>A abertura fica por conta do &#8220;Vem meditar com a gente&#8221;, que levar\u00e1 yoga, medita\u00e7\u00e3o e reiki ao VegJu a partir das 9 horas. J\u00e1 \u00e0s 10 horas tem in\u00edcio o festival,\u00a0com op\u00e7\u00f5es de alimenta\u00e7\u00e3o sem leite, sem ovo, sem gordura animal e tamb\u00e9m op\u00e7\u00f5es sem gl\u00faten, al\u00e9m de produtos artesanais, de moda, beleza, cuidados com o corpo e sustent\u00e1veis.<\/p>\n<p>Os interessados poder\u00e3o participar, ainda, de workshop de culin\u00e1ria e cosm\u00e9tico e rodas de conversa sobre nutri\u00e7\u00e3o e veganismo. Ser\u00e1 permitida a entrada de animais e o espa\u00e7o contar\u00e1 com feira de ado\u00e7\u00e3o. Para a crian\u00e7ada, haver\u00e1 Espa\u00e7o Kids.<\/p>\n<p><a href=\"https:\/\/www.facebook.com\/events\/319269455541705\/\"><strong>Mais informa\u00e7\u00f5es no evento oficial no Facebook.<\/strong><\/a><\/p>\n<p><em>(Imagem: <a href=\"https:\/\/casavogue.globo.com\/LazerCultura\/Comida-bebida\/Receita\/noticia\/2015\/05\/receita-de-hamburguer-vegano.html\">Casa Vogue<\/a>)<\/em><\/p>\n","protected":false},"excerpt":{"rendered":"<p>Evento ter\u00e1 op\u00e7\u00f5es veganas de alimenta\u00e7\u00e3o e presentes<\/p>\n","protected":false},"author":10,"featured_media":20762,"comment_status":"closed","ping_status":"closed","sticky":false,"template":"","format":"standard","meta":{"footnotes":""},"categories":[2834,29,3569,2824],"tags":[4385,4384,4386,4387],"class_list":["post-20759","post","type-post","status-publish","format-standard","has-post-thumbnail","hentry","category-cidades","category-destaque","category-meio-ambiente","category-variedades","tag-3o-festival-vegano-de-jundiai","tag-cece-dal-santo","tag-veganismo","tag-vegju"],"_links":{"self":[{"href":"https:\/\/tvtecjundiai.com.br\/news\/wp-json\/wp\/v2\/posts\/20759","targetHints":{"allow":["GET"]}}],"collection":[{"href":"https:\/\/tvtecjundiai.com.br\/news\/wp-json\/wp\/v2\/posts"}],"about":[{"href":"https:\/\/tvtecjundiai.com.br\/news\/wp-json\/wp\/v2\/types\/post"}],"author":[{"embeddable":true,"href":"https:\/\/tvtecjundiai.com.br\/news\/wp-json\/wp\/v2\/users\/10"}],"replies":[{"embeddable":true,"href":"https:\/\/tvtecjundiai.com.br\/news\/wp-json\/wp\/v2\/comments?post=20759"}],"version-history":[{"count":2,"href":"https:\/\/tvtecjundiai.com.br\/news\/wp-json\/wp\/v2\/posts\/20759\/revisions"}],"predecessor-version":[{"id":20764,"href":"https:\/\/tvtecjundiai.com.br\/news\/wp-json\/wp\/v2\/posts\/20759\/revisions\/20764"}],"wp:featuredmedia":[{"embeddable":true,"href":"https:\/\/tvtecjundiai.com.br\/news\/wp-json\/wp\/v2\/media\/20762"}],"wp:attachment":[{"href":"https:\/\/tvtecjundiai.com.br\/news\/wp-json\/wp\/v2\/media?parent=20759"}],"wp:term":[{"taxonomy":"category","embeddable":true,"href":"https:\/\/tvtecjundiai.com.br\/news\/wp-json\/wp\/v2\/categories?post=20759"},{"taxonomy":"post_tag","embeddable":true,"href":"https:\/\/tvtecjundiai.com.br\/news\/wp-json\/wp\/v2\/tags?post=20759"}],"curies":[{"name":"wp","href":"https:\/\/api.w.org\/{rel}","templated":true}]}}