{"id":20844,"date":"2018-11-30T11:19:29","date_gmt":"2018-11-30T13:19:29","guid":{"rendered":"https:\/\/tvtecjundiai.com.br\/news\/?p=20844"},"modified":"2018-11-30T11:19:29","modified_gmt":"2018-11-30T13:19:29","slug":"eduardo-dussek-se-apresenta-em-jundiai-neste-sabado-1","status":"publish","type":"post","link":"https:\/\/tvtecjundiai.com.br\/news\/2018\/11\/30\/eduardo-dussek-se-apresenta-em-jundiai-neste-sabado-1\/","title":{"rendered":"Eduardo Dussek se apresenta em Jundia\u00ed neste s\u00e1bado (1)"},"content":{"rendered":"<p>O cantor, ator e m\u00fasico carioca Eduardo Dussek faz show em Jundia\u00ed neste s\u00e1bado (1), a partir das 16 horas, na Pra\u00e7a Marechal Floriano Peixoto, a Pra\u00e7a do Coreto, no Centro de Jundia\u00ed. A apresenta\u00e7\u00e3o faz parte da programa\u00e7\u00e3o de abertura do Natal\u00a0pela Associa\u00e7\u00e3o Comercial e Empresarial (ACE) e tamb\u00e9m do anivers\u00e1rio de 363 anos da cidade.<\/p>\n<div id=\"attachment_20846\" style=\"width: 410px\" class=\"wp-caption alignright\"><a href=\"https:\/\/tvtecjundiai.com.br\/news\/wp-content\/uploads\/sites\/2\/2018\/11\/reprodu\u00e7\u00e3o.jpg\"><img loading=\"lazy\" decoding=\"async\" aria-describedby=\"caption-attachment-20846\" class=\"wp-image-20846\" src=\"https:\/\/tvtecjundiai.com.br\/news\/wp-content\/uploads\/sites\/2\/2018\/11\/reprodu\u00e7\u00e3o-300x149.jpg\" alt=\"\" width=\"400\" height=\"199\" srcset=\"https:\/\/tvtecjundiai.com.br\/news\/wp-content\/uploads\/sites\/2\/2018\/11\/reprodu\u00e7\u00e3o-300x149.jpg 300w, https:\/\/tvtecjundiai.com.br\/news\/wp-content\/uploads\/sites\/2\/2018\/11\/reprodu\u00e7\u00e3o-768x382.jpg 768w, https:\/\/tvtecjundiai.com.br\/news\/wp-content\/uploads\/sites\/2\/2018\/11\/reprodu\u00e7\u00e3o.jpg 804w\" sizes=\"auto, (max-width: 400px) 100vw, 400px\" \/><\/a><p id=\"caption-attachment-20846\" class=\"wp-caption-text\">Show de Eduardo Dussek faz parte da abertura do Natal no Centro<\/p><\/div>\n<p>Ainda no primeiro dia de programa\u00e7\u00e3o, a Pra\u00e7a do Coreto, recebe, \u00e0s 15 horas a abertura do Natal pela ACE de Jundia\u00ed e a chegada do Papai Noel. A partir das 17h30, no Coreto, \u00e9 a vez do Concerto de Natal com a Orquestra Municipal de Jundia\u00ed (OMJ) e com o Coral Municipal. O programa trar\u00e1 cantatas e concertos compostos por Bach e H\u00e4ndel, al\u00e9m de can\u00e7\u00f5es tradicionais de Natal. Tamb\u00e9m participam do concerto o Coral Canarinhos da Terra, a soprano Ludmilla Thompson e o trompetista Thiago Ara\u00fajo.<\/p>\n<p><strong>Anivers\u00e1rio de Jundia\u00ed<\/strong><br \/>\nPara comemorar os 363 anos de Jundia\u00ed,\u00a0a Prefeitura vai oferecer uma programa\u00e7\u00e3o com\u00a0entregas de novos equipamentos, revitaliza\u00e7\u00f5es, servi\u00e7os e eventos culturais gratuitos.\u00a0Neste s\u00e1bado (1), a popula\u00e7\u00e3o est\u00e1 convidada para conhecer os dois novos equipamentos de sa\u00fade da cidade, a Cl\u00ednica da Fam\u00edlia e da Unidade de Pronto Atendimento (UPA) do Vetor Oeste.<\/p>\n<p>A programa\u00e7\u00e3o de anivers\u00e1rio segue at\u00e9 o dia 16 e entre os principais destaques, est\u00e3o os 50 novos \u00f4nibus; a 12\u00aa Escola Inovadora (Emeb Cleonice Adolpho de Faria); a reabertura do Museu Hist\u00f3rico e Cultural \u2013 Solar do Bar\u00e3o; a inaugura\u00e7\u00e3o da nova ilumina\u00e7\u00e3o da pista do Bol\u00e3o; as entregas da segunda Pra\u00e7a que Acolhe com WiFi, no Vianelo e das obras de\u00a0 galerias e asfalto do Jardim das Tulipas 2. A programa\u00e7\u00e3o de anivers\u00e1rio de Jundia\u00ed contar\u00e1 tamb\u00e9m com\u00a0a apresenta\u00e7\u00e3o do coral nas Janelas do Museu, de 3 a 14 de dezembro, sempre \u00e0s 20 horas.<\/p>\n<p><em>(Fonte: Prefeitura de Jundia\u00ed; Imagem: Reprodu\u00e7\u00e3o)<\/em><\/p>\n","protected":false},"excerpt":{"rendered":"<p>Show tem in\u00edcio \u00e0s 16 horas na Pra\u00e7a do Coreto<\/p>\n","protected":false},"author":10,"featured_media":20846,"comment_status":"closed","ping_status":"closed","sticky":false,"template":"","format":"standard","meta":{"footnotes":""},"categories":[2834,2833,2824],"tags":[3381,4394,4295,4395],"class_list":["post-20844","post","type-post","status-publish","format-standard","has-post-thumbnail","hentry","category-cidades","category-cultura","category-variedades","tag-ace-jundiai","tag-eduardo-dussek","tag-natal-jundiai","tag-natal-no-centro"],"_links":{"self":[{"href":"https:\/\/tvtecjundiai.com.br\/news\/wp-json\/wp\/v2\/posts\/20844","targetHints":{"allow":["GET"]}}],"collection":[{"href":"https:\/\/tvtecjundiai.com.br\/news\/wp-json\/wp\/v2\/posts"}],"about":[{"href":"https:\/\/tvtecjundiai.com.br\/news\/wp-json\/wp\/v2\/types\/post"}],"author":[{"embeddable":true,"href":"https:\/\/tvtecjundiai.com.br\/news\/wp-json\/wp\/v2\/users\/10"}],"replies":[{"embeddable":true,"href":"https:\/\/tvtecjundiai.com.br\/news\/wp-json\/wp\/v2\/comments?post=20844"}],"version-history":[{"count":1,"href":"https:\/\/tvtecjundiai.com.br\/news\/wp-json\/wp\/v2\/posts\/20844\/revisions"}],"predecessor-version":[{"id":20847,"href":"https:\/\/tvtecjundiai.com.br\/news\/wp-json\/wp\/v2\/posts\/20844\/revisions\/20847"}],"wp:featuredmedia":[{"embeddable":true,"href":"https:\/\/tvtecjundiai.com.br\/news\/wp-json\/wp\/v2\/media\/20846"}],"wp:attachment":[{"href":"https:\/\/tvtecjundiai.com.br\/news\/wp-json\/wp\/v2\/media?parent=20844"}],"wp:term":[{"taxonomy":"category","embeddable":true,"href":"https:\/\/tvtecjundiai.com.br\/news\/wp-json\/wp\/v2\/categories?post=20844"},{"taxonomy":"post_tag","embeddable":true,"href":"https:\/\/tvtecjundiai.com.br\/news\/wp-json\/wp\/v2\/tags?post=20844"}],"curies":[{"name":"wp","href":"https:\/\/api.w.org\/{rel}","templated":true}]}}