{"id":20884,"date":"2018-11-30T16:51:37","date_gmt":"2018-11-30T18:51:37","guid":{"rendered":"https:\/\/tvtecjundiai.com.br\/news\/?p=20884"},"modified":"2018-12-03T09:14:06","modified_gmt":"2018-12-03T11:14:06","slug":"aviao-com-destino-a-jundiai-cai-proximo-ao-campo-de-marte","status":"publish","type":"post","link":"https:\/\/tvtecjundiai.com.br\/news\/2018\/11\/30\/aviao-com-destino-a-jundiai-cai-proximo-ao-campo-de-marte\/","title":{"rendered":"Avi\u00e3o com destino a Jundia\u00ed cai pr\u00f3ximo ao Campo de Marte"},"content":{"rendered":"<p>Um avi\u00e3o com destino a Jundia\u00ed, decolando do Aeroporto Campo de Marte, na Zona Norte de S\u00e3o Paulo, caiu nas proximidades do local na tarde desta sexta-feira (30).\u00a0Houve ao menos seis v\u00edtimas e n\u00e3o h\u00e1 informa\u00e7\u00e3o sobre mortos. O chamado para o resgate foi recebido pelos bombeiros \u00e0s 15h58.<\/p>\n<div class=\"mc-column content-text active-extra-styles \" data-block-type=\"unstyled\" data-block-weight=\"43\" data-block-id=\"3\">\n<div id=\"attachment_20885\" style=\"width: 410px\" class=\"wp-caption alignright\"><a href=\"https:\/\/tvtecjundiai.com.br\/news\/wp-content\/uploads\/sites\/2\/2018\/11\/brasil-avinao-zona-norte-sp.jpg\"><img loading=\"lazy\" decoding=\"async\" aria-describedby=\"caption-attachment-20885\" class=\"wp-image-20885\" src=\"https:\/\/tvtecjundiai.com.br\/news\/wp-content\/uploads\/sites\/2\/2018\/11\/brasil-avinao-zona-norte-sp-300x200.jpg\" alt=\"\" width=\"400\" height=\"266\" srcset=\"https:\/\/tvtecjundiai.com.br\/news\/wp-content\/uploads\/sites\/2\/2018\/11\/brasil-avinao-zona-norte-sp-300x200.jpg 300w, https:\/\/tvtecjundiai.com.br\/news\/wp-content\/uploads\/sites\/2\/2018\/11\/brasil-avinao-zona-norte-sp.jpg 680w\" sizes=\"auto, (max-width: 400px) 100vw, 400px\" \/><\/a><p id=\"caption-attachment-20885\" class=\"wp-caption-text\">Houve fogo no local e 14 viaturas dos bombeiros foram enviadas para o resgate<\/p><\/div>\n<p class=\"content-text__container \" data-track-category=\"Link no Texto\" data-track-links=\"\">A queda foi em uma \u00e1rea residencial perto do Campo de Marte, terminal que opera voos executivos. Casas e ve\u00edculos que estavam na rua onde a aeronave caiu tamb\u00e9m foram atingidos. O fogo chegou a se alastrar pelo asfalto. Bombeiros informaram que as seis v\u00edtimas que estavam sendo atendidas tiveram queimaduras de primeiro e segundo grau.<\/p>\n<\/div>\n<div class=\"mc-column content-text active-extra-styles \" data-block-type=\"unstyled\" data-block-weight=\"17\" data-block-id=\"4\">\n<div class=\"mc-column content-text active-extra-styles \" data-block-type=\"unstyled\" data-block-weight=\"41\" data-block-id=\"7\">\n<p class=\"content-text__container \" data-track-category=\"Link no Texto\" data-track-links=\"\">Ao menos tr\u00eas casas foram atingidas. Houve fogo no local e 14 viaturas dos bombeiros foram enviadas para o resgate. N\u00e3o h\u00e1 informa\u00e7\u00f5es sobre as v\u00edtimas, se estavam no avi\u00e3o ou no local da queda. A fuma\u00e7a podia ser vista de longe, mas por volta de 16h20 o fogo j\u00e1 estava parcialmente controlado. A queda foi na regi\u00e3o da Avenida Santos Dumont, altura do n\u00famero 100.<\/p>\n<\/div>\n<div class=\"row medium-uncollapsed content-media content-photo\" data-block-type=\"backstage-photo\" data-block-id=\"8\">\n<div class=\"mc-column content-media__container\">\n<div class=\"progressive-img can-open-lightbox\" data-min-size=\"1008x631\" data-min-size-url=\"https:\/\/s2.glbimg.com\/dkuWfdxon265kuRYOUwsRb6E67A=\/0x0:1700x1065\/1008x0\/smart\/filters:strip_icc()\/i.s3.glbimg.com\/v1\/AUTH_59edd422c0c84a879bd37670ae4f538a\/internal_photos\/bs\/2018\/A\/M\/LD91nPQlCFnLmLFxvhiw\/queda.jpg\" data-max-size=\"1600x1002\" data-max-size-url=\"https:\/\/s2.glbimg.com\/YWfdMaRQovDG0iky1hfi4ULuMOA=\/0x0:1700x1065\/1600x0\/smart\/filters:strip_icc()\/i.s3.glbimg.com\/v1\/AUTH_59edd422c0c84a879bd37670ae4f538a\/internal_photos\/bs\/2018\/A\/M\/LD91nPQlCFnLmLFxvhiw\/queda.jpg\" data-media-index=\"0\">\n<div class=\"mc-column content-text active-extra-styles \" data-block-type=\"unstyled\" data-block-weight=\"46\" data-block-id=\"11\">\n<p class=\"content-text__container \" data-track-category=\"Link no Texto\" data-track-links=\"\">De acordo com a TV Globo, a aeronave era um Cessna C-210, prefixo PR-JEE. Informa\u00e7\u00f5es preliminares indicam que cabem quatro pessoas no avi\u00e3o. Segundo a GloboNews, a aeronave teria decolado da pista 30 do Campo de Marte em dire\u00e7\u00e3o a Jundia\u00ed e ca\u00eddo logo em seguida.<\/p>\n<p data-track-category=\"Link no Texto\" data-track-links=\"\"><em>(Fonte: G1; Imagem:\u00a0Reprodu\u00e7\u00e3o\/TV Globo)<\/em><\/p>\n<p data-track-category=\"Link no Texto\" data-track-links=\"\">\n<\/div>\n<\/div>\n<\/div>\n<\/div>\n<\/div>\n","protected":false},"excerpt":{"rendered":"<p>Segundo Bombeiros, acidente deixou dois mortos e 12 feridos<\/p>\n","protected":false},"author":10,"featured_media":20885,"comment_status":"closed","ping_status":"closed","sticky":false,"template":"","format":"standard","meta":{"footnotes":""},"categories":[2834],"tags":[1777,4401],"class_list":["post-20884","post","type-post","status-publish","format-standard","has-post-thumbnail","hentry","category-cidades","tag-acidente","tag-campo-de-marte"],"_links":{"self":[{"href":"https:\/\/tvtecjundiai.com.br\/news\/wp-json\/wp\/v2\/posts\/20884","targetHints":{"allow":["GET"]}}],"collection":[{"href":"https:\/\/tvtecjundiai.com.br\/news\/wp-json\/wp\/v2\/posts"}],"about":[{"href":"https:\/\/tvtecjundiai.com.br\/news\/wp-json\/wp\/v2\/types\/post"}],"author":[{"embeddable":true,"href":"https:\/\/tvtecjundiai.com.br\/news\/wp-json\/wp\/v2\/users\/10"}],"replies":[{"embeddable":true,"href":"https:\/\/tvtecjundiai.com.br\/news\/wp-json\/wp\/v2\/comments?post=20884"}],"version-history":[{"count":2,"href":"https:\/\/tvtecjundiai.com.br\/news\/wp-json\/wp\/v2\/posts\/20884\/revisions"}],"predecessor-version":[{"id":20906,"href":"https:\/\/tvtecjundiai.com.br\/news\/wp-json\/wp\/v2\/posts\/20884\/revisions\/20906"}],"wp:featuredmedia":[{"embeddable":true,"href":"https:\/\/tvtecjundiai.com.br\/news\/wp-json\/wp\/v2\/media\/20885"}],"wp:attachment":[{"href":"https:\/\/tvtecjundiai.com.br\/news\/wp-json\/wp\/v2\/media?parent=20884"}],"wp:term":[{"taxonomy":"category","embeddable":true,"href":"https:\/\/tvtecjundiai.com.br\/news\/wp-json\/wp\/v2\/categories?post=20884"},{"taxonomy":"post_tag","embeddable":true,"href":"https:\/\/tvtecjundiai.com.br\/news\/wp-json\/wp\/v2\/tags?post=20884"}],"curies":[{"name":"wp","href":"https:\/\/api.w.org\/{rel}","templated":true}]}}