{"id":20897,"date":"2018-12-03T08:34:24","date_gmt":"2018-12-03T10:34:24","guid":{"rendered":"https:\/\/tvtecjundiai.com.br\/news\/?p=20897"},"modified":"2018-12-03T08:34:24","modified_gmt":"2018-12-03T10:34:24","slug":"rua-anchieta-recebe-mutirao-de-poda-de-arvores","status":"publish","type":"post","link":"https:\/\/tvtecjundiai.com.br\/news\/2018\/12\/03\/rua-anchieta-recebe-mutirao-de-poda-de-arvores\/","title":{"rendered":"Rua Anchieta recebe mutir\u00e3o de poda de \u00e1rvores"},"content":{"rendered":"<p>As equipes do Departamento de Parques, Jardins e Pra\u00e7as, da Unidade de Gest\u00e3o de Infraestrutura e Servi\u00e7os P\u00fablicos (UGISP), realizaram mutir\u00e3o de poda de \u00e1rvores na Rua Anchieta, neste domingo (2), dando continuidade \u00e0s a\u00e7\u00f5es iniciadas nos feriados do m\u00eas passado, que resultaram na poda de 1.913 \u00e1rvores.<\/p>\n<div id=\"attachment_20898\" style=\"width: 310px\" class=\"wp-caption alignright\"><a href=\"https:\/\/tvtecjundiai.com.br\/news\/wp-content\/uploads\/sites\/2\/2018\/12\/poda-de-arvores-na-rua-anchieta_c_-24.jpg\"><img loading=\"lazy\" decoding=\"async\" aria-describedby=\"caption-attachment-20898\" class=\"wp-image-20898 size-medium\" src=\"https:\/\/tvtecjundiai.com.br\/news\/wp-content\/uploads\/sites\/2\/2018\/12\/poda-de-arvores-na-rua-anchieta_c_-24-300x200.jpg\" alt=\"\" width=\"300\" height=\"200\" srcset=\"https:\/\/tvtecjundiai.com.br\/news\/wp-content\/uploads\/sites\/2\/2018\/12\/poda-de-arvores-na-rua-anchieta_c_-24-300x200.jpg 300w, https:\/\/tvtecjundiai.com.br\/news\/wp-content\/uploads\/sites\/2\/2018\/12\/poda-de-arvores-na-rua-anchieta_c_-24-768x512.jpg 768w, https:\/\/tvtecjundiai.com.br\/news\/wp-content\/uploads\/sites\/2\/2018\/12\/poda-de-arvores-na-rua-anchieta_c_-24-1200x800.jpg 1200w, https:\/\/tvtecjundiai.com.br\/news\/wp-content\/uploads\/sites\/2\/2018\/12\/poda-de-arvores-na-rua-anchieta_c_-24.jpg 1323w\" sizes=\"auto, (max-width: 300px) 100vw, 300px\" \/><\/a><p id=\"caption-attachment-20898\" class=\"wp-caption-text\">Rua Anchieta n\u00e3o teve o tr\u00e2nsito interditado; apenas estacionamento foi proibido<\/p><\/div>\n<p>A rua conta com mais de 70 \u00e1rvores da esp\u00e9cie ex\u00f3tica Tipuana. \u201cA limpeza \u00e9 feita de forma criteriosa, para eliminar apenas os galhos que interferem na ilumina\u00e7\u00e3o e na sinaliza\u00e7\u00e3o, al\u00e9m daqueles que est\u00e3o secos, para evitar acidentes\u201d, detalha o engenheiro agr\u00f4nomo da Unidade de Desenvolvimento Ambiental (Unidam) \u2013 ligado \u00e0 UGISP -, Fernando Almeida Mu\u00e7ou\u00e7ah.<\/p>\n<p>Segundo o diretor do departamento, Edson Vilas Boas, a data foi escolhida para causar o menor impacto para o tr\u00e2nsito e ao transporte. \u201cA op\u00e7\u00e3o foi por n\u00e3o interditar o tr\u00e1fego na via. O servi\u00e7o foi realizado durante todo o domingo, em todos os pontos livres, j\u00e1 que em alguns trechos, apesar de a interdi\u00e7\u00e3o no estacionamento, alguns motoristas deixaram os ve\u00edculos parados\u201d, detalha.<\/p>\n<p><em>(Fonte e imagem: Prefeitura de Jundia\u00ed)<\/em><\/p>\n","protected":false},"excerpt":{"rendered":"<p>Servi\u00e7o foi realizado neste domingo (2)<\/p>\n","protected":false},"author":11,"featured_media":20899,"comment_status":"closed","ping_status":"closed","sticky":false,"template":"","format":"standard","meta":{"footnotes":""},"categories":[2834,1],"tags":[2112,2433,556,4349],"class_list":["post-20897","post","type-post","status-publish","format-standard","has-post-thumbnail","hentry","category-cidades","category-noticias","tag-cidades","tag-mutirao","tag-noticias","tag-poda-de-arvores"],"_links":{"self":[{"href":"https:\/\/tvtecjundiai.com.br\/news\/wp-json\/wp\/v2\/posts\/20897","targetHints":{"allow":["GET"]}}],"collection":[{"href":"https:\/\/tvtecjundiai.com.br\/news\/wp-json\/wp\/v2\/posts"}],"about":[{"href":"https:\/\/tvtecjundiai.com.br\/news\/wp-json\/wp\/v2\/types\/post"}],"author":[{"embeddable":true,"href":"https:\/\/tvtecjundiai.com.br\/news\/wp-json\/wp\/v2\/users\/11"}],"replies":[{"embeddable":true,"href":"https:\/\/tvtecjundiai.com.br\/news\/wp-json\/wp\/v2\/comments?post=20897"}],"version-history":[{"count":1,"href":"https:\/\/tvtecjundiai.com.br\/news\/wp-json\/wp\/v2\/posts\/20897\/revisions"}],"predecessor-version":[{"id":20900,"href":"https:\/\/tvtecjundiai.com.br\/news\/wp-json\/wp\/v2\/posts\/20897\/revisions\/20900"}],"wp:featuredmedia":[{"embeddable":true,"href":"https:\/\/tvtecjundiai.com.br\/news\/wp-json\/wp\/v2\/media\/20899"}],"wp:attachment":[{"href":"https:\/\/tvtecjundiai.com.br\/news\/wp-json\/wp\/v2\/media?parent=20897"}],"wp:term":[{"taxonomy":"category","embeddable":true,"href":"https:\/\/tvtecjundiai.com.br\/news\/wp-json\/wp\/v2\/categories?post=20897"},{"taxonomy":"post_tag","embeddable":true,"href":"https:\/\/tvtecjundiai.com.br\/news\/wp-json\/wp\/v2\/tags?post=20897"}],"curies":[{"name":"wp","href":"https:\/\/api.w.org\/{rel}","templated":true}]}}