{"id":21012,"date":"2018-12-04T10:11:55","date_gmt":"2018-12-04T12:11:55","guid":{"rendered":"https:\/\/tvtecjundiai.com.br\/news\/?p=21012"},"modified":"2018-12-04T10:11:55","modified_gmt":"2018-12-04T12:11:55","slug":"economia-informal-corresponde-a-169-do-pib-brasileiro","status":"publish","type":"post","link":"https:\/\/tvtecjundiai.com.br\/news\/2018\/12\/04\/economia-informal-corresponde-a-169-do-pib-brasileiro\/","title":{"rendered":"Economia informal corresponde a 16,9% do PIB brasileiro"},"content":{"rendered":"<div id=\"attachment_21017\" style=\"width: 302px\" class=\"wp-caption alignleft\"><a href=\"https:\/\/tvtecjundiai.com.br\/news\/wp-content\/uploads\/sites\/2\/2018\/12\/25_de_marco.jpg\"><img loading=\"lazy\" decoding=\"async\" aria-describedby=\"caption-attachment-21017\" class=\"wp-image-21017\" src=\"https:\/\/tvtecjundiai.com.br\/news\/wp-content\/uploads\/sites\/2\/2018\/12\/25_de_marco-300x225.jpg\" alt=\"\" width=\"292\" height=\"219\" srcset=\"https:\/\/tvtecjundiai.com.br\/news\/wp-content\/uploads\/sites\/2\/2018\/12\/25_de_marco-300x225.jpg 300w, https:\/\/tvtecjundiai.com.br\/news\/wp-content\/uploads\/sites\/2\/2018\/12\/25_de_marco.jpg 620w\" sizes=\"auto, (max-width: 292px) 100vw, 292px\" \/><\/a><p id=\"caption-attachment-21017\" class=\"wp-caption-text\">Desemprego \u00e9 um dos fatores que movimenta a economia informal<\/p><\/div>\n<p>A economia informal, que cresceu pela 4\u00ba ano consecutivo, representa 16,9% do Produto Interno Bruto (PIB) brasileiro,\u00a0segundo o \u00cdndice de Economia Subterr\u00e2nea (IES), divulgado pelo Instituto Brasileiro de \u00c9tica Concorrencial (ETCO) e pelo Ibre\/FGV. A porcentagem representa a movimenta\u00e7\u00e3o de\u00a0R$ 1,173 trilh\u00e3o.\u00a0No ano passado, o percentual ficou em 16,8%.<\/p>\n<p>Segundo o estudo, a economia movimentada pela informalidade \u00e9 superior ao PIB de pa\u00edses como a Irlanda e est\u00e1 bem pr\u00f3xima ao Produto Interno Bruto da \u00c1frica do Sul e de Israel.\u00a0Com a nova alta, o indicador retornou ao n\u00edvel de 2011.<\/p>\n<p>Depois de atingir 21% do PIB em 2003, o \u00edndice entrou em trajet\u00f3ria de queda at\u00e9 atingir seu menor patamar hist\u00f3rico em 2014, quando representou 16,1% da produ\u00e7\u00e3o do pa\u00eds. Desde 2015, mudou de dire\u00e7\u00e3o, e a informalidade cresceu 0,8 ponto porcentual.<\/p>\n<p>A\u00a0economia brasileira avan\u00e7ou 0,8% no 3\u00ba trimestre, na compara\u00e7\u00e3o coo o segundo, segundo divulgou o IBGE na \u00faltima sexta-feira. Em 2017, o PIB teve uma alta de 1,1% segundo dados revisados, ap\u00f3s dois anos consecutivos de retra\u00e7\u00e3o. No 1\u00ba e no 2\u00ba trimestres, a alta foi de 0,2%.\u00a0Para o ano de 2018, a previs\u00e3o do mercado \u00e9 de alta de 1,32% do PIB, segundo a \u00faltima pesquisa Focus do banco Central.<\/p>\n<p><em>(Fonte: G1)<\/em><\/p>\n","protected":false},"excerpt":{"rendered":"<p>N\u00fameros crescem pelo quarto ano consecutivo <\/p>\n","protected":false},"author":11,"featured_media":21017,"comment_status":"closed","ping_status":"closed","sticky":false,"template":"","format":"standard","meta":{"footnotes":""},"categories":[2834,2829,1],"tags":[2112,346,1300,556],"class_list":["post-21012","post","type-post","status-publish","format-standard","has-post-thumbnail","hentry","category-cidades","category-economia","category-noticias","tag-cidades","tag-economia","tag-economia-informal","tag-noticias"],"_links":{"self":[{"href":"https:\/\/tvtecjundiai.com.br\/news\/wp-json\/wp\/v2\/posts\/21012","targetHints":{"allow":["GET"]}}],"collection":[{"href":"https:\/\/tvtecjundiai.com.br\/news\/wp-json\/wp\/v2\/posts"}],"about":[{"href":"https:\/\/tvtecjundiai.com.br\/news\/wp-json\/wp\/v2\/types\/post"}],"author":[{"embeddable":true,"href":"https:\/\/tvtecjundiai.com.br\/news\/wp-json\/wp\/v2\/users\/11"}],"replies":[{"embeddable":true,"href":"https:\/\/tvtecjundiai.com.br\/news\/wp-json\/wp\/v2\/comments?post=21012"}],"version-history":[{"count":1,"href":"https:\/\/tvtecjundiai.com.br\/news\/wp-json\/wp\/v2\/posts\/21012\/revisions"}],"predecessor-version":[{"id":21018,"href":"https:\/\/tvtecjundiai.com.br\/news\/wp-json\/wp\/v2\/posts\/21012\/revisions\/21018"}],"wp:featuredmedia":[{"embeddable":true,"href":"https:\/\/tvtecjundiai.com.br\/news\/wp-json\/wp\/v2\/media\/21017"}],"wp:attachment":[{"href":"https:\/\/tvtecjundiai.com.br\/news\/wp-json\/wp\/v2\/media?parent=21012"}],"wp:term":[{"taxonomy":"category","embeddable":true,"href":"https:\/\/tvtecjundiai.com.br\/news\/wp-json\/wp\/v2\/categories?post=21012"},{"taxonomy":"post_tag","embeddable":true,"href":"https:\/\/tvtecjundiai.com.br\/news\/wp-json\/wp\/v2\/tags?post=21012"}],"curies":[{"name":"wp","href":"https:\/\/api.w.org\/{rel}","templated":true}]}}