{"id":2118,"date":"2017-10-26T10:54:57","date_gmt":"2017-10-26T12:54:57","guid":{"rendered":"https:\/\/tvtecjundiai.com.br\/news\/?p=2118"},"modified":"2017-10-26T10:54:57","modified_gmt":"2017-10-26T12:54:57","slug":"economia-pochet-inaugura-fabrica-em-jundiai-e-gera-650-empregos","status":"publish","type":"post","link":"https:\/\/tvtecjundiai.com.br\/news\/2017\/10\/26\/economia-pochet-inaugura-fabrica-em-jundiai-e-gera-650-empregos\/","title":{"rendered":"Economia: Pochet inaugura f\u00e1brica em Jundia\u00ed e gera 650 empregos"},"content":{"rendered":"<p>Com 650 empregos diretos gerados, o Grupo Pochet inaugurou oficialmente sua f\u00e1brica em Jundia\u00ed nesta quarta-feira (25). Presente ao evento, o prefeito Luiz Fernando Machado refor\u00e7ou o compromisso da gest\u00e3o com a implementa\u00e7\u00e3o de pol\u00edticas p\u00fablicas que fomentem a gera\u00e7\u00e3o de emprego e renda na cidade. \u201cEstou muito feliz por voc\u00eas que est\u00e3o aqui hoje, inaugurando a f\u00e1brica onde trabalham. Tenho repetido com frequ\u00eancia que o trabalho \u00e9 a melhor forma de distribui\u00e7\u00e3o de renda\u201d, afirmou aos funcion\u00e1rios da f\u00e1brica.<\/p>\n<div id=\"attachment_2121\" style=\"width: 455px\" class=\"wp-caption alignright\"><a href=\"https:\/\/tvtecjundiai.com.br\/news\/wp-content\/uploads\/sites\/2\/2017\/10\/01-1.jpg\"><img loading=\"lazy\" decoding=\"async\" aria-describedby=\"caption-attachment-2121\" class=\"wp-image-2121\" src=\"https:\/\/tvtecjundiai.com.br\/news\/wp-content\/uploads\/sites\/2\/2017\/10\/01-1-300x229.jpg\" alt=\"\" width=\"445\" height=\"340\" \/><\/a><p id=\"caption-attachment-2121\" class=\"wp-caption-text\">Ap\u00f3s um ano desempregada, Maria do Ros\u00e1rio come\u00e7ou a trabalhar na f\u00e1brica da Pochet no in\u00edcio do m\u00eas<\/p><\/div>\n<p>O chefe do Executivo municipal destacou, ainda, que a Prefeitura est\u00e1 de portas abertas para servir, no sentido positivo, aos interesses dos empres\u00e1rios que querem investir na cidade. \u201cJundia\u00ed tem uma excelente infraestrutura e est\u00e1 pronta para receber investimentos. Agrade\u00e7o em nome de todos os jundiaienses a confian\u00e7a depositada pelo Grupo Pochet em nosso munic\u00edpio\u201d, disse Luiz Fernando.<\/p>\n<p><strong>LEIA TAMB\u00c9M:<\/strong><br \/>\n<strong><a href=\"https:\/\/tvtecjundiai.com.br\/news\/2017\/10\/25\/solidariedade-artistas-doam-obras-que-somam-r-25-mil-para-a-caridade\/\" target=\"_blank\" rel=\"noopener\">Solidariedade: artistas doam obras que somam R$ 25 mil para a caridade<\/a><\/strong><\/p>\n<p>O diretor-geral da Pochet no Brasil, Gustavo Libanio, afirmou que Jundia\u00ed foi a cidade escolhida por apresentar as melhores condi\u00e7\u00f5es para instala\u00e7\u00e3o da f\u00e1brica. \u201cAqui h\u00e1 esgoto tratado, excelente infraestrutura urbana e acesso r\u00e1pido \u00e0s principais rodovias. Al\u00e9m disso, recebemos todo o suporte necess\u00e1rio da Prefeitura para viabilizar o projeto e temos muito o que agradecer por isso\u201d, pontuou.<\/p>\n<p>A presidente do Grupo Pochet, Irene Gosset, tamb\u00e9m participou da cerim\u00f4nia e reafirmou &#8220;o otimismo da empresa com a abertura da f\u00e1brica em Jundia\u00ed&#8221;.<\/p>\n<p><strong>Oportunidade<\/strong><br \/>\nUma das beneficiadas com a instala\u00e7\u00e3o da empresa, Maria do Ros\u00e1rio Ferreira, de 57 anos, come\u00e7ou a trabalhar na f\u00e1brica no in\u00edcio deste m\u00eas. Ela estava desempregada h\u00e1 cerca de um ano. \u201cDesde que sa\u00ed do meu \u00faltimo trabalho n\u00e3o estava encontrando outro por conta da minha idade. Fiquei muito feliz quando fui chamada porque preciso trabalhar para pagar aluguel\u201d, contou a moradora do Jardim Est\u00e1dio.<\/p>\n<p><em>Fonte: Prefeitura de Jundia\u00ed<\/em><\/p>\n","protected":false},"excerpt":{"rendered":"<p>Prefeito refor\u00e7ou o compromisso da gest\u00e3o com gera\u00e7\u00e3o de emprego e renda<\/p>\n","protected":false},"author":6,"featured_media":2121,"comment_status":"closed","ping_status":"closed","sticky":false,"template":"","format":"standard","meta":{"footnotes":""},"categories":[29,1],"tags":[37,1148,1147,1146,20,185],"class_list":["post-2118","post","type-post","status-publish","format-standard","has-post-thumbnail","hentry","category-destaque","category-noticias","tag-emprego","tag-geracao-de-emprego","tag-geracao-de-empregos","tag-grupo-pochet","tag-luiz-fernando-machado","tag-trabalho"],"_links":{"self":[{"href":"https:\/\/tvtecjundiai.com.br\/news\/wp-json\/wp\/v2\/posts\/2118","targetHints":{"allow":["GET"]}}],"collection":[{"href":"https:\/\/tvtecjundiai.com.br\/news\/wp-json\/wp\/v2\/posts"}],"about":[{"href":"https:\/\/tvtecjundiai.com.br\/news\/wp-json\/wp\/v2\/types\/post"}],"author":[{"embeddable":true,"href":"https:\/\/tvtecjundiai.com.br\/news\/wp-json\/wp\/v2\/users\/6"}],"replies":[{"embeddable":true,"href":"https:\/\/tvtecjundiai.com.br\/news\/wp-json\/wp\/v2\/comments?post=2118"}],"version-history":[{"count":1,"href":"https:\/\/tvtecjundiai.com.br\/news\/wp-json\/wp\/v2\/posts\/2118\/revisions"}],"predecessor-version":[{"id":2125,"href":"https:\/\/tvtecjundiai.com.br\/news\/wp-json\/wp\/v2\/posts\/2118\/revisions\/2125"}],"wp:featuredmedia":[{"embeddable":true,"href":"https:\/\/tvtecjundiai.com.br\/news\/wp-json\/wp\/v2\/media\/2121"}],"wp:attachment":[{"href":"https:\/\/tvtecjundiai.com.br\/news\/wp-json\/wp\/v2\/media?parent=2118"}],"wp:term":[{"taxonomy":"category","embeddable":true,"href":"https:\/\/tvtecjundiai.com.br\/news\/wp-json\/wp\/v2\/categories?post=2118"},{"taxonomy":"post_tag","embeddable":true,"href":"https:\/\/tvtecjundiai.com.br\/news\/wp-json\/wp\/v2\/tags?post=2118"}],"curies":[{"name":"wp","href":"https:\/\/api.w.org\/{rel}","templated":true}]}}