{"id":21198,"date":"2018-12-06T13:35:26","date_gmt":"2018-12-06T15:35:26","guid":{"rendered":"https:\/\/tvtecjundiai.com.br\/news\/?p=21198"},"modified":"2018-12-06T13:35:58","modified_gmt":"2018-12-06T15:35:58","slug":"comic-con-experience-comeca-nesta-quinta-6","status":"publish","type":"post","link":"https:\/\/tvtecjundiai.com.br\/news\/2018\/12\/06\/comic-con-experience-comeca-nesta-quinta-6\/","title":{"rendered":"Comic Con Experience come\u00e7a nesta quinta (6)"},"content":{"rendered":"<div id=\"attachment_21201\" style=\"width: 310px\" class=\"wp-caption alignright\"><a href=\"https:\/\/tvtecjundiai.com.br\/news\/wp-content\/uploads\/sites\/2\/2018\/12\/capita-marvel-brie-larson.jpg\"><img loading=\"lazy\" decoding=\"async\" aria-describedby=\"caption-attachment-21201\" class=\"wp-image-21201 size-medium\" src=\"https:\/\/tvtecjundiai.com.br\/news\/wp-content\/uploads\/sites\/2\/2018\/12\/capita-marvel-brie-larson-300x215.jpg\" alt=\"\" width=\"300\" height=\"215\" srcset=\"https:\/\/tvtecjundiai.com.br\/news\/wp-content\/uploads\/sites\/2\/2018\/12\/capita-marvel-brie-larson-300x215.jpg 300w, https:\/\/tvtecjundiai.com.br\/news\/wp-content\/uploads\/sites\/2\/2018\/12\/capita-marvel-brie-larson-768x550.jpg 768w, https:\/\/tvtecjundiai.com.br\/news\/wp-content\/uploads\/sites\/2\/2018\/12\/capita-marvel-brie-larson.jpg 1000w\" sizes=\"auto, (max-width: 300px) 100vw, 300px\" \/><\/a><p id=\"caption-attachment-21201\" class=\"wp-caption-text\">Brie Larson, de \u201cCapit\u00e3 Marvel\u201d, participar\u00e1 da quinta edi\u00e7\u00e3o do evento<\/p><\/div>\n<p>A Comic Con Experience (CCXP) deste ano come\u00e7a nesta quinta-feira (6)\u00a0no S\u00e3o Paulo Expo. O evento re\u00fane f\u00e3s e artistas at\u00e9 o pr\u00f3ximo domingo (9). A estimativa da organiza\u00e7\u00e3o \u00e9 que 260 mil pessoas passem pelo evento durante esse per\u00edodo.<\/p>\n<p>A quinta edi\u00e7\u00e3o re\u00fane\u00a0nomes como Brie Larson, de \u201cCapit\u00e3 Marvel\u201d, Sandra Bullock, que apresenta o filme \u201cCaixa de p\u00e1ssaros\u201d, e os criadores de \u201cGame of Thrones\u201d.<\/p>\n<p>Est\u00fadios como Disney, Warner, Fox, Sony e HBO tamb\u00e9m t\u00eam espa\u00e7os no evento, com atividades como uma corrida contra o Flash ou uma visita a um lugar inspirado na s\u00e9rie \u201cLa casa de papel\u201d. Ainda, h\u00e1 tamb\u00e9m uma \u00e1rea destinada a\u00a0quadrinistas, onde o p\u00fablico pode comprar HQs, p\u00f4steres e outras obras.. No total, ser\u00e3o 530.<\/p>\n<p><strong>Ingressos<\/strong><\/p>\n<p>Quinta-feira: R$ 109,99 meia social, e R$ 219,98; Sexta-feira: R$ 139,99 meia social, e R$ 279,98; S\u00e1bado: esgotado; Domingo: R$ 189,99 meia social e R$ 379,98.<\/p>\n<p><em>(Fonte: G1)<\/em><\/p>\n","protected":false},"excerpt":{"rendered":"<p>Evento reunir\u00e1 f\u00e3s e artistas do universo Geek <\/p>\n","protected":false},"author":11,"featured_media":21199,"comment_status":"closed","ping_status":"closed","sticky":false,"template":"","format":"standard","meta":{"footnotes":""},"categories":[2834,1,2824],"tags":[2112,4442,556],"class_list":["post-21198","post","type-post","status-publish","format-standard","has-post-thumbnail","hentry","category-cidades","category-noticias","category-variedades","tag-cidades","tag-comic-con","tag-noticias"],"_links":{"self":[{"href":"https:\/\/tvtecjundiai.com.br\/news\/wp-json\/wp\/v2\/posts\/21198","targetHints":{"allow":["GET"]}}],"collection":[{"href":"https:\/\/tvtecjundiai.com.br\/news\/wp-json\/wp\/v2\/posts"}],"about":[{"href":"https:\/\/tvtecjundiai.com.br\/news\/wp-json\/wp\/v2\/types\/post"}],"author":[{"embeddable":true,"href":"https:\/\/tvtecjundiai.com.br\/news\/wp-json\/wp\/v2\/users\/11"}],"replies":[{"embeddable":true,"href":"https:\/\/tvtecjundiai.com.br\/news\/wp-json\/wp\/v2\/comments?post=21198"}],"version-history":[{"count":2,"href":"https:\/\/tvtecjundiai.com.br\/news\/wp-json\/wp\/v2\/posts\/21198\/revisions"}],"predecessor-version":[{"id":21204,"href":"https:\/\/tvtecjundiai.com.br\/news\/wp-json\/wp\/v2\/posts\/21198\/revisions\/21204"}],"wp:featuredmedia":[{"embeddable":true,"href":"https:\/\/tvtecjundiai.com.br\/news\/wp-json\/wp\/v2\/media\/21199"}],"wp:attachment":[{"href":"https:\/\/tvtecjundiai.com.br\/news\/wp-json\/wp\/v2\/media?parent=21198"}],"wp:term":[{"taxonomy":"category","embeddable":true,"href":"https:\/\/tvtecjundiai.com.br\/news\/wp-json\/wp\/v2\/categories?post=21198"},{"taxonomy":"post_tag","embeddable":true,"href":"https:\/\/tvtecjundiai.com.br\/news\/wp-json\/wp\/v2\/tags?post=21198"}],"curies":[{"name":"wp","href":"https:\/\/api.w.org\/{rel}","templated":true}]}}