{"id":21218,"date":"2018-12-06T16:10:26","date_gmt":"2018-12-06T18:10:26","guid":{"rendered":"https:\/\/tvtecjundiai.com.br\/news\/?p=21218"},"modified":"2018-12-06T16:10:26","modified_gmt":"2018-12-06T18:10:26","slug":"hemorragia-matou-cachorro-diz-veterinaria-que-tentou-salva-lo","status":"publish","type":"post","link":"https:\/\/tvtecjundiai.com.br\/news\/2018\/12\/06\/hemorragia-matou-cachorro-diz-veterinaria-que-tentou-salva-lo\/","title":{"rendered":"Hemorragia matou cachorro, diz veterin\u00e1ria que tentou salv\u00e1-lo"},"content":{"rendered":"<div class=\"mc-column content-text active-extra-styles active-capital-letter\" data-block-type=\"unstyled\" data-block-weight=\"56\" data-block-id=\"2\">\n<p class=\"content-text__container theme-color-primary-first-letter\" data-track-category=\"Link no Texto\" data-track-links=\"\">O cachorro que gerou como\u00e7\u00e3o e indigna\u00e7\u00e3o nas redes sociais ao aparecer ferido e sangrando em v\u00eddeos e fotos no supermercado Carrefour de Osasco morreu em decorr\u00eancia de um choque hipovol\u00eamico, ou choque hemorr\u00e1gico, segundo veterin\u00e1ria da prefeitura que o atendeu e tentou salv\u00e1-lo, em depoimento \u00e0 Pol\u00edcia Civil.<\/p>\n<\/div>\n<div class=\"wall protected-content\">\n<div class=\"mc-column content-text active-extra-styles \" data-block-type=\"unstyled\" data-block-weight=\"52\" data-block-id=\"5\">\n<div id=\"attachment_21037\" style=\"width: 410px\" class=\"wp-caption alignright\"><a href=\"https:\/\/tvtecjundiai.com.br\/news\/wp-content\/uploads\/sites\/2\/2018\/12\/cachorro--e1543929018611.jpg\"><img loading=\"lazy\" decoding=\"async\" aria-describedby=\"caption-attachment-21037\" class=\"wp-image-21037\" src=\"https:\/\/tvtecjundiai.com.br\/news\/wp-content\/uploads\/sites\/2\/2018\/12\/cachorro--e1543929018611-300x230.jpg\" alt=\"\" width=\"400\" height=\"306\" srcset=\"https:\/\/tvtecjundiai.com.br\/news\/wp-content\/uploads\/sites\/2\/2018\/12\/cachorro--e1543929018611-300x230.jpg 300w, https:\/\/tvtecjundiai.com.br\/news\/wp-content\/uploads\/sites\/2\/2018\/12\/cachorro--e1543929018611.jpg 732w\" sizes=\"auto, (max-width: 400px) 100vw, 400px\" \/><\/a><p id=\"caption-attachment-21037\" class=\"wp-caption-text\">Manchinha foi visto sendo agredido na semana passada em um supermercado Carrefour de Osasco, em S\u00e3o Paulo<\/p><\/div>\n<p class=\"content-text__container \" data-track-category=\"Link no Texto\" data-track-links=\"\">A m\u00e9dica, que seria funcion\u00e1ria do Departamento de Fauna e Bem-Estar Animal de Osasco, informou \u00e0 investiga\u00e7\u00e3o policial que o choque hipovol\u00eamico \u00e9 uma das principais causas de morte entre v\u00edtimas de traumatismos causados por acidentes ou quedas. Nesse caso, ocorre uma diminui\u00e7\u00e3o do fluxo sangu\u00edneo, levando \u00e0 fal\u00eancia do sistema circulat\u00f3rio.<\/p>\n<p class=\"content-text__container \" data-track-category=\"Link no Texto\" data-track-links=\"\">A delegacia especializada ainda quer saber da m\u00e9dica se a hemorragia pode ter sido provocada por uma agress\u00e3o, agravada por um sufocamento,\u00a0possibilidade de envenenamento\u00a0ou eventual atropelamento, ou ainda se foi ocasionada pela soma de um ou mais desses acontecimentos.<\/p>\n<p data-track-category=\"Link no Texto\" data-track-links=\"\">A Delegacia de Pol\u00edcia de Investiga\u00e7\u00f5es Sobre o Meio Ambiente instaurou inqu\u00e9rito para investigar se o cachorro, conhecido como Manchinha, foi v\u00edtima de\u00a0crime de maus-tratos a animais. Tamb\u00e9m s\u00e3o apuradas as prov\u00e1veis causas e eventuais responsabilidades pela morte dele. Al\u00e9m de analisar as c\u00e2meras de seguran\u00e7a e fotos do caso Manchinha, a delegacia busca mais v\u00eddeos que possam ter gravado o momento que testemunhas relataram ter ocorrido a agress\u00e3o do seguran\u00e7a ao animal.<\/p>\n<\/div>\n<div class=\"mc-column content-text active-extra-styles \" data-block-type=\"unstyled\" data-block-weight=\"39\" data-block-id=\"6\">\n<div class=\"mc-column content-text active-extra-styles \" data-block-type=\"unstyled\" data-block-weight=\"42\" data-block-id=\"10\">\n<div class=\"mc-column content-text active-extra-styles \" data-block-type=\"unstyled\" data-block-weight=\"49\" data-block-id=\"21\">\n<p data-track-category=\"Link no Texto\" data-track-links=\"\"><em>(Fonte\/Imagem: G1)<\/em><\/p>\n<\/div>\n<\/div>\n<\/div>\n<\/div>\n","protected":false},"excerpt":{"rendered":"<p>A delegacia deve voltar a procurar a m\u00e9dica para mais depoimentos<\/p>\n","protected":false},"author":10,"featured_media":21037,"comment_status":"closed","ping_status":"closed","sticky":false,"template":"","format":"standard","meta":{"footnotes":""},"categories":[2834],"tags":[4444,4422,4445,4432,4423],"class_list":["post-21218","post","type-post","status-publish","format-standard","has-post-thumbnail","hentry","category-cidades","tag-cachorro-carrefour","tag-carrefour","tag-manchinha","tag-maus-tratos","tag-osasco"],"_links":{"self":[{"href":"https:\/\/tvtecjundiai.com.br\/news\/wp-json\/wp\/v2\/posts\/21218","targetHints":{"allow":["GET"]}}],"collection":[{"href":"https:\/\/tvtecjundiai.com.br\/news\/wp-json\/wp\/v2\/posts"}],"about":[{"href":"https:\/\/tvtecjundiai.com.br\/news\/wp-json\/wp\/v2\/types\/post"}],"author":[{"embeddable":true,"href":"https:\/\/tvtecjundiai.com.br\/news\/wp-json\/wp\/v2\/users\/10"}],"replies":[{"embeddable":true,"href":"https:\/\/tvtecjundiai.com.br\/news\/wp-json\/wp\/v2\/comments?post=21218"}],"version-history":[{"count":1,"href":"https:\/\/tvtecjundiai.com.br\/news\/wp-json\/wp\/v2\/posts\/21218\/revisions"}],"predecessor-version":[{"id":21219,"href":"https:\/\/tvtecjundiai.com.br\/news\/wp-json\/wp\/v2\/posts\/21218\/revisions\/21219"}],"wp:featuredmedia":[{"embeddable":true,"href":"https:\/\/tvtecjundiai.com.br\/news\/wp-json\/wp\/v2\/media\/21037"}],"wp:attachment":[{"href":"https:\/\/tvtecjundiai.com.br\/news\/wp-json\/wp\/v2\/media?parent=21218"}],"wp:term":[{"taxonomy":"category","embeddable":true,"href":"https:\/\/tvtecjundiai.com.br\/news\/wp-json\/wp\/v2\/categories?post=21218"},{"taxonomy":"post_tag","embeddable":true,"href":"https:\/\/tvtecjundiai.com.br\/news\/wp-json\/wp\/v2\/tags?post=21218"}],"curies":[{"name":"wp","href":"https:\/\/api.w.org\/{rel}","templated":true}]}}