{"id":21256,"date":"2018-12-07T12:03:59","date_gmt":"2018-12-07T14:03:59","guid":{"rendered":"https:\/\/tvtecjundiai.com.br\/news\/?p=21256"},"modified":"2018-12-07T12:09:52","modified_gmt":"2018-12-07T14:09:52","slug":"palacio-guanabara-pertence-a-uniao-decide-stj","status":"publish","type":"post","link":"https:\/\/tvtecjundiai.com.br\/news\/2018\/12\/07\/palacio-guanabara-pertence-a-uniao-decide-stj\/","title":{"rendered":"Pal\u00e1cio Guanabara pertence \u00e0 Uni\u00e3o, decide STJ"},"content":{"rendered":"<p>A sede do governo do Rio de Janeiro, o Pal\u00e1cio Guanabara, por decis\u00e3o do Superior Tribunal de Justi\u00e7a (STJ), pertence \u00e0 Uni\u00e3o e n\u00e3o aos Orleans de Bragan\u00e7a, a Fam\u00edlia Real. O posicionamento do STJ \u00e9 referente a um processo em tramita\u00e7\u00e3o h\u00e1 123 anos. Mesmo sendo extinto em 1960, a reabertura se deu a partir de diversas apela\u00e7\u00f5es dos descendentes da Princesa Isabel. Somente este ano, as a\u00e7\u00f5es foram inclu\u00eddas nas pautas e tiveram o julgamento adiado por tr\u00eas vezes.<\/p>\n<div id=\"attachment_21271\" style=\"width: 310px\" class=\"wp-caption alignleft\"><a href=\"https:\/\/tvtecjundiai.com.br\/news\/wp-content\/uploads\/sites\/2\/2018\/12\/download.jpg\"><img loading=\"lazy\" decoding=\"async\" aria-describedby=\"caption-attachment-21271\" class=\"wp-image-21271 size-medium\" src=\"https:\/\/tvtecjundiai.com.br\/news\/wp-content\/uploads\/sites\/2\/2018\/12\/download-300x168.jpg\" alt=\"\" width=\"300\" height=\"168\" \/><\/a><p id=\"caption-attachment-21271\" class=\"wp-caption-text\">Pr\u00e9dio tamb\u00e9m serviu de resid\u00eancia para Get\u00falio Vargas no per\u00edodo do Estado Novo (1937-1945)<\/p><\/div>\n<p>O im\u00f3vel foi ocupado pela Princesa Isabel e seu esposo, o conde D&#8217;Eu, em 1865 como presente de casamento de Dom Pedro II. Ap\u00f3s 26 anos, com o fim do imp\u00e9rio, a princesa e o conde deixaram o local e, a partir desse per\u00edodo, entram na justi\u00e7a sob esse argumento.<\/p>\n<p>No entanto, o estado do Rio de Janeiro defende que o pal\u00e1cio sempre pertenceu a Uni\u00e3o, uma vez que foi apenas cedido como habita\u00e7\u00e3o para o casal e, ap\u00f3s a Proclama\u00e7\u00e3o da Rep\u00fablica esse direto teria sido cassado, argumentos que foram acolhidos pelo relator do caso, o ministro Ant\u00f4nio Carlos Ferreira. O ministro ainda alegou que a princesa e conde tinham a posse do pal\u00e1cio &#8220;t\u00e3o somente para fins de direito de habita\u00e7\u00e3o, n\u00e3o tendo o dom\u00ednio sobre o im\u00f3vel&#8221;, afirmou.\u00a0Essa perspectiva do relator foi acompanhada pelos ministros Raul Ara\u00fajo, Marco Buzzi, e Isabel Galotti.<\/p>\n<p><em>(Fonte: Ag\u00eancia Brasil)<\/em><\/p>\n<p>(<em>Imagem: <a href=\"https:\/\/g1.globo.com\/politica\/noticia\/2018\/12\/06\/palacio-da-guanabara-e-da-uniao-e-nao-da-familia-imperial-decide-stj-em-acao-que-dura-123-anos.ghtml\" target=\"_blank\" rel=\"noopener\">G1<\/a><\/em>)<\/p>\n","protected":false},"excerpt":{"rendered":"<p>Fam\u00edlia Real poder\u00e1 entrar com recurso do processo <\/p>\n","protected":false},"author":11,"featured_media":21271,"comment_status":"closed","ping_status":"closed","sticky":false,"template":"","format":"standard","meta":{"footnotes":""},"categories":[2834,3060,1],"tags":[4454,4073,4456,556,4455],"class_list":["post-21256","post","type-post","status-publish","format-standard","has-post-thumbnail","hentry","category-cidades","category-geral","category-noticias","tag-familia-real","tag-geral","tag-julgmento","tag-noticias","tag-processo"],"_links":{"self":[{"href":"https:\/\/tvtecjundiai.com.br\/news\/wp-json\/wp\/v2\/posts\/21256","targetHints":{"allow":["GET"]}}],"collection":[{"href":"https:\/\/tvtecjundiai.com.br\/news\/wp-json\/wp\/v2\/posts"}],"about":[{"href":"https:\/\/tvtecjundiai.com.br\/news\/wp-json\/wp\/v2\/types\/post"}],"author":[{"embeddable":true,"href":"https:\/\/tvtecjundiai.com.br\/news\/wp-json\/wp\/v2\/users\/11"}],"replies":[{"embeddable":true,"href":"https:\/\/tvtecjundiai.com.br\/news\/wp-json\/wp\/v2\/comments?post=21256"}],"version-history":[{"count":8,"href":"https:\/\/tvtecjundiai.com.br\/news\/wp-json\/wp\/v2\/posts\/21256\/revisions"}],"predecessor-version":[{"id":21280,"href":"https:\/\/tvtecjundiai.com.br\/news\/wp-json\/wp\/v2\/posts\/21256\/revisions\/21280"}],"wp:featuredmedia":[{"embeddable":true,"href":"https:\/\/tvtecjundiai.com.br\/news\/wp-json\/wp\/v2\/media\/21271"}],"wp:attachment":[{"href":"https:\/\/tvtecjundiai.com.br\/news\/wp-json\/wp\/v2\/media?parent=21256"}],"wp:term":[{"taxonomy":"category","embeddable":true,"href":"https:\/\/tvtecjundiai.com.br\/news\/wp-json\/wp\/v2\/categories?post=21256"},{"taxonomy":"post_tag","embeddable":true,"href":"https:\/\/tvtecjundiai.com.br\/news\/wp-json\/wp\/v2\/tags?post=21256"}],"curies":[{"name":"wp","href":"https:\/\/api.w.org\/{rel}","templated":true}]}}