{"id":21304,"date":"2018-12-07T18:01:35","date_gmt":"2018-12-07T20:01:35","guid":{"rendered":"https:\/\/tvtecjundiai.com.br\/news\/?p=21304"},"modified":"2018-12-10T15:23:16","modified_gmt":"2018-12-10T17:23:16","slug":"paciente-internado-ha-106-dias-no-hospital-sao-vicente-ganha-festa-no-dia-da-alta","status":"publish","type":"post","link":"https:\/\/tvtecjundiai.com.br\/news\/2018\/12\/07\/paciente-internado-ha-106-dias-no-hospital-sao-vicente-ganha-festa-no-dia-da-alta\/","title":{"rendered":"Paciente internado h\u00e1 106 dias no Hospital S\u00e3o Vicente ganha festa no dia da alta"},"content":{"rendered":"<p>As enfermeiras do Hospital S\u00e3o Vicente preparam uma surpresa especial para o paciente Renato Pereira da Silva, que estava internado h\u00e1 106 dias: uma festa.<\/p>\n<p>Mas n\u00e3o foi apenas uma festa, foi um ch\u00e1 de beb\u00ea para sua esposa, que est\u00e1 no oitavo m\u00eas de gesta\u00e7\u00e3o!<\/p>\n<p>Renato, que recebeu alta na quarta-feira (5), n\u00e3o esperava que, ao chegar no leito em que passou tanto tempo, encontraria a equipe que o atendeu pelos mais de 100 dias e um espa\u00e7o todo decorado.<\/p>\n<p>Os profissionais da unidade contam que devido ao tempo de conv\u00edvio, o paciente j\u00e1 \u00e9 considerado parte da fam\u00edlia.<\/p>\n<p>Quando ele foi internado, sua esposa j\u00e1 estava gestante e, por conta disso, passou boa parte da gesta\u00e7\u00e3o longe da esposa.<\/p>\n<p>Os funcion\u00e1rios levaram fraldas, bexigas e muita alegria. As a\u00e7\u00f5es fazem parte da busca da equipe de funcion\u00e1rios por um atendimento mais humanizado.<\/p>\n<p>Agora, Renato vai poder aproveitar a alta, o beb\u00ea que est\u00e1 por vir e tamb\u00e9m a sua outra filha!<\/p>\n<p>&nbsp;<\/p>\n","protected":false},"excerpt":{"rendered":"<p>A surpresa foi preparada pelas enfermeiras do hospital<\/p>\n","protected":false},"author":9,"featured_media":21305,"comment_status":"closed","ping_status":"closed","sticky":false,"template":"","format":"standard","meta":{"footnotes":""},"categories":[1],"tags":[],"class_list":["post-21304","post","type-post","status-publish","format-standard","has-post-thumbnail","hentry","category-noticias"],"_links":{"self":[{"href":"https:\/\/tvtecjundiai.com.br\/news\/wp-json\/wp\/v2\/posts\/21304","targetHints":{"allow":["GET"]}}],"collection":[{"href":"https:\/\/tvtecjundiai.com.br\/news\/wp-json\/wp\/v2\/posts"}],"about":[{"href":"https:\/\/tvtecjundiai.com.br\/news\/wp-json\/wp\/v2\/types\/post"}],"author":[{"embeddable":true,"href":"https:\/\/tvtecjundiai.com.br\/news\/wp-json\/wp\/v2\/users\/9"}],"replies":[{"embeddable":true,"href":"https:\/\/tvtecjundiai.com.br\/news\/wp-json\/wp\/v2\/comments?post=21304"}],"version-history":[{"count":3,"href":"https:\/\/tvtecjundiai.com.br\/news\/wp-json\/wp\/v2\/posts\/21304\/revisions"}],"predecessor-version":[{"id":21357,"href":"https:\/\/tvtecjundiai.com.br\/news\/wp-json\/wp\/v2\/posts\/21304\/revisions\/21357"}],"wp:featuredmedia":[{"embeddable":true,"href":"https:\/\/tvtecjundiai.com.br\/news\/wp-json\/wp\/v2\/media\/21305"}],"wp:attachment":[{"href":"https:\/\/tvtecjundiai.com.br\/news\/wp-json\/wp\/v2\/media?parent=21304"}],"wp:term":[{"taxonomy":"category","embeddable":true,"href":"https:\/\/tvtecjundiai.com.br\/news\/wp-json\/wp\/v2\/categories?post=21304"},{"taxonomy":"post_tag","embeddable":true,"href":"https:\/\/tvtecjundiai.com.br\/news\/wp-json\/wp\/v2\/tags?post=21304"}],"curies":[{"name":"wp","href":"https:\/\/api.w.org\/{rel}","templated":true}]}}