{"id":21331,"date":"2018-12-10T12:06:43","date_gmt":"2018-12-10T14:06:43","guid":{"rendered":"https:\/\/tvtecjundiai.com.br\/news\/?p=21331"},"modified":"2018-12-10T14:08:37","modified_gmt":"2018-12-10T16:08:37","slug":"dae-realiza-remanejamento-de-rede-de-agua-na-vila-progresso","status":"publish","type":"post","link":"https:\/\/tvtecjundiai.com.br\/news\/2018\/12\/10\/dae-realiza-remanejamento-de-rede-de-agua-na-vila-progresso\/","title":{"rendered":"DAE remaneja rede de \u00e1gua na Vila Progresso"},"content":{"rendered":"<p>A equipe da Ger\u00eancia de Controle de Perdas da DAE Jundia\u00ed\u00a0realiza o remanejamento da rede de \u00e1gua na regi\u00e3o\u00a0dos bairros Vila Progresso e Jardim Est\u00e1dio.<\/p>\n<p style=\"font-weight: 400;\">Para isso, foi necess\u00e1rio desativar 500 metros de redes antigas, de material fofo e PVC. \u201cFazendo a desativa\u00e7\u00e3o destas redes e melhorando os setores, \u00e9 poss\u00edvel realizar as interven\u00e7\u00f5es no bairro sem a necessidade de desabastecer \u00e1reas muito extensas, facilitando o servi\u00e7o das equipes de manuten\u00e7\u00e3o de \u00e1gua\u201d, esclarece\u00a0a chefe da Se\u00e7\u00e3o de Perdas da DAE, Fernanda Calheiros.<\/p>\n<p style=\"font-weight: 400;\">Al\u00e9m disso, ela explica que o trabalho tamb\u00e9m \u00e9 importante no combate \u00e0s perdas de \u00e1gua, j\u00e1 que redes desativadas em carga, podem ser fonte de vazamentos n\u00e3o vis\u00edveis e dif\u00edceis de serem detectados.<\/p>\n<p style=\"font-weight: 400;\">A obra ser\u00e1 conclu\u00edda at\u00e9 o final de dezembro, quando a equipe inicia obras de setoriza\u00e7\u00e3o nos bairros Residencial Jundia\u00ed II e Parque Industrial. A segunda equipe da Se\u00e7\u00e3o de Perdas est\u00e1 iniciando os trabalhos de setoriza\u00e7\u00e3o de press\u00e3o na zona alta do Jardim Guanabara, onde foi executada a casa de bombas e agora ser\u00e3o feitas as obras de extens\u00e3o de rede e delimita\u00e7\u00e3o do setor.<\/p>\n<p><em>(Fonte: Assessoria de Imprensa &#8211; DAE Jundia\u00ed)<\/em><\/p>\n","protected":false},"excerpt":{"rendered":"<p>Mais de 600 metros de extens\u00f5es de rede foram interligadas e modernizadas<\/p>\n","protected":false},"author":11,"featured_media":21333,"comment_status":"closed","ping_status":"closed","sticky":false,"template":"","format":"standard","meta":{"footnotes":""},"categories":[2834,1],"tags":[2112,556,517],"class_list":["post-21331","post","type-post","status-publish","format-standard","has-post-thumbnail","hentry","category-cidades","category-noticias","tag-cidades","tag-noticias","tag-variedades"],"_links":{"self":[{"href":"https:\/\/tvtecjundiai.com.br\/news\/wp-json\/wp\/v2\/posts\/21331","targetHints":{"allow":["GET"]}}],"collection":[{"href":"https:\/\/tvtecjundiai.com.br\/news\/wp-json\/wp\/v2\/posts"}],"about":[{"href":"https:\/\/tvtecjundiai.com.br\/news\/wp-json\/wp\/v2\/types\/post"}],"author":[{"embeddable":true,"href":"https:\/\/tvtecjundiai.com.br\/news\/wp-json\/wp\/v2\/users\/11"}],"replies":[{"embeddable":true,"href":"https:\/\/tvtecjundiai.com.br\/news\/wp-json\/wp\/v2\/comments?post=21331"}],"version-history":[{"count":2,"href":"https:\/\/tvtecjundiai.com.br\/news\/wp-json\/wp\/v2\/posts\/21331\/revisions"}],"predecessor-version":[{"id":21343,"href":"https:\/\/tvtecjundiai.com.br\/news\/wp-json\/wp\/v2\/posts\/21331\/revisions\/21343"}],"wp:featuredmedia":[{"embeddable":true,"href":"https:\/\/tvtecjundiai.com.br\/news\/wp-json\/wp\/v2\/media\/21333"}],"wp:attachment":[{"href":"https:\/\/tvtecjundiai.com.br\/news\/wp-json\/wp\/v2\/media?parent=21331"}],"wp:term":[{"taxonomy":"category","embeddable":true,"href":"https:\/\/tvtecjundiai.com.br\/news\/wp-json\/wp\/v2\/categories?post=21331"},{"taxonomy":"post_tag","embeddable":true,"href":"https:\/\/tvtecjundiai.com.br\/news\/wp-json\/wp\/v2\/tags?post=21331"}],"curies":[{"name":"wp","href":"https:\/\/api.w.org\/{rel}","templated":true}]}}