{"id":21461,"date":"2018-12-11T17:27:05","date_gmt":"2018-12-11T19:27:05","guid":{"rendered":"https:\/\/tvtecjundiai.com.br\/news\/?p=21461"},"modified":"2018-12-11T17:27:05","modified_gmt":"2018-12-11T19:27:05","slug":"camara-dos-deputados-aumenta-pena-de-maus-tratos-contra-animais","status":"publish","type":"post","link":"https:\/\/tvtecjundiai.com.br\/news\/2018\/12\/11\/camara-dos-deputados-aumenta-pena-de-maus-tratos-contra-animais\/","title":{"rendered":"C\u00e2mara dos Deputados aumenta pena de maus-tratos contra animais"},"content":{"rendered":"<p>O Plen\u00e1rio da C\u00e2mara dos Deputados aprovou o aumento da pena aplicada aos maus-tratos contra os animais, al\u00e9m de agravante se houver zoofilia (pr\u00e1tica de atos sexuais com animais). Agora, o texto segue para o Senado.<\/p>\n<div id=\"attachment_21462\" style=\"width: 410px\" class=\"wp-caption alignright\"><a href=\"https:\/\/tvtecjundiai.com.br\/news\/wp-content\/uploads\/sites\/2\/2018\/12\/dog-3071334_1920.jpg\"><img loading=\"lazy\" decoding=\"async\" aria-describedby=\"caption-attachment-21462\" class=\"wp-image-21462\" src=\"https:\/\/tvtecjundiai.com.br\/news\/wp-content\/uploads\/sites\/2\/2018\/12\/dog-3071334_1920-300x169.jpg\" alt=\"\" width=\"400\" height=\"225\" \/><\/a><p id=\"caption-attachment-21462\" class=\"wp-caption-text\">Puni\u00e7\u00e3o passar\u00e1 a variar entre um e quatro anos de deten\u00e7\u00e3o, al\u00e9m da multa<\/p><\/div>\n<p>A pena atual para maus-tratos \u00e9 de tr\u00eas meses a um ano de\u00a0<span class=\"termoGlossario\">deten\u00e7\u00e3o<\/span>, al\u00e9m de multa. Pelo texto aprovado, a puni\u00e7\u00e3o passar\u00e1 a variar entre um e quatro anos de deten\u00e7\u00e3o, al\u00e9m da multa. Comete crime quem praticar ato de abuso, consistente com maus-tratos, ou mutila\u00e7\u00e3o de animais silvestres, dom\u00e9sticos, domesticados, nativos ou ex\u00f3ticos.<\/p>\n<p>Os deputados aprovaram o texto do relator, deputado F\u00e1bio Trad (PSD-MS), que ampliou o objeto do Projeto de Lei\u00a0<a href=\"http:\/\/www2.camara.leg.br\/camaranoticias\/noticias\/DIREITO-E-JUSTICA\/410256-PROJETO-AUMENTA-PENA-PARA-CASOS-DE-ZOOFILIA.html\" target=\"_blank\" rel=\"noopener\">3141\/12<\/a>, do deputado Ricardo Izar (PP-SP). O texto original trata apenas do aumento de pena nos casos de zoofilia, enquanto a vers\u00e3o final aumentou as penas para todos os casos de maus-tratos.\u00a0F\u00e1bio Trad afirmou que o aumento de pena \u00e9 justo e mant\u00e9m o equil\u00edbrio das penas existentes na legisla\u00e7\u00e3o. \u201cO texto avan\u00e7a em termos penais na disciplina protetiva dos animais\u201d, disse, lembrando a repercuss\u00e3o negativa do espancamento de um cachorro por um vigia de supermercado neste m\u00eas.<\/p>\n<p>As puni\u00e7\u00f5es definidas pelo projeto, no entanto, poder\u00e3o ser convertidas em penas alternativas a crit\u00e9rio do juiz. As condena\u00e7\u00f5es at\u00e9 quatro anos podem ser convertidas em outras san\u00e7\u00f5es de acordo com o tamanho da pena, a natureza do crime e o potencial ofensivo da infra\u00e7\u00e3o.<\/p>\n<p><em>(Fonte: C\u00e2mara dos Deputados; Imagem: Pixabay)<\/em><\/p>\n","protected":false},"excerpt":{"rendered":"<p>Puni\u00e7\u00e3o passar\u00e1 a variar entre um e quatro anos de deten\u00e7\u00e3o, al\u00e9m da multa<\/p>\n","protected":false},"author":10,"featured_media":21462,"comment_status":"closed","ping_status":"closed","sticky":false,"template":"","format":"standard","meta":{"footnotes":""},"categories":[2834,2826],"tags":[3271,4432,4474],"class_list":["post-21461","post","type-post","status-publish","format-standard","has-post-thumbnail","hentry","category-cidades","category-politica","tag-camara-dos-deputados","tag-maus-tratos","tag-zoofilia"],"_links":{"self":[{"href":"https:\/\/tvtecjundiai.com.br\/news\/wp-json\/wp\/v2\/posts\/21461","targetHints":{"allow":["GET"]}}],"collection":[{"href":"https:\/\/tvtecjundiai.com.br\/news\/wp-json\/wp\/v2\/posts"}],"about":[{"href":"https:\/\/tvtecjundiai.com.br\/news\/wp-json\/wp\/v2\/types\/post"}],"author":[{"embeddable":true,"href":"https:\/\/tvtecjundiai.com.br\/news\/wp-json\/wp\/v2\/users\/10"}],"replies":[{"embeddable":true,"href":"https:\/\/tvtecjundiai.com.br\/news\/wp-json\/wp\/v2\/comments?post=21461"}],"version-history":[{"count":1,"href":"https:\/\/tvtecjundiai.com.br\/news\/wp-json\/wp\/v2\/posts\/21461\/revisions"}],"predecessor-version":[{"id":21463,"href":"https:\/\/tvtecjundiai.com.br\/news\/wp-json\/wp\/v2\/posts\/21461\/revisions\/21463"}],"wp:featuredmedia":[{"embeddable":true,"href":"https:\/\/tvtecjundiai.com.br\/news\/wp-json\/wp\/v2\/media\/21462"}],"wp:attachment":[{"href":"https:\/\/tvtecjundiai.com.br\/news\/wp-json\/wp\/v2\/media?parent=21461"}],"wp:term":[{"taxonomy":"category","embeddable":true,"href":"https:\/\/tvtecjundiai.com.br\/news\/wp-json\/wp\/v2\/categories?post=21461"},{"taxonomy":"post_tag","embeddable":true,"href":"https:\/\/tvtecjundiai.com.br\/news\/wp-json\/wp\/v2\/tags?post=21461"}],"curies":[{"name":"wp","href":"https:\/\/api.w.org\/{rel}","templated":true}]}}