{"id":21653,"date":"2018-12-14T09:41:20","date_gmt":"2018-12-14T11:41:20","guid":{"rendered":"https:\/\/tvtecjundiai.com.br\/news\/?p=21653"},"modified":"2018-12-14T09:41:20","modified_gmt":"2018-12-14T11:41:20","slug":"pat-divulga-vagas-disponiveis-em-jundiai-e-regiao-14-4","status":"publish","type":"post","link":"https:\/\/tvtecjundiai.com.br\/news\/2018\/12\/14\/pat-divulga-vagas-disponiveis-em-jundiai-e-regiao-14-4\/","title":{"rendered":"PAT divulga vagas dispon\u00edveis em Jundia\u00ed e regi\u00e3o (14)"},"content":{"rendered":"<p>Confira as vagas<\/p>\n<div id=\"pat\">\n<ul class=\"lista-pat\">\n<li><strong>Ajudante de Obras<\/strong>\u00a0(liberado em 12\/12\/2018) \u2013 6 meses de experi\u00eancia em CTPS; ensino fundamental completo; somente candidatos de Jundia\u00ed.<\/li>\n<li><strong>Analista de Invent\u00e1rio<\/strong>\u00a0(liberado em 10\/12\/2018) \u2013 6 meses de experi\u00eancia em CTPS; ensino m\u00e9dio completo.<\/li>\n<li><strong>Auxiliar de Invent\u00e1rio<\/strong>\u00a0(liberado em 10\/12\/2018) \u2013 6 meses de experi\u00eancia em CTPS; ensino m\u00e9dio completo.<\/li>\n<li><strong>Controlador de Entrada e Sa\u00edda<\/strong>\u00a0(liberado em 12\/12\/2018) \u2013 6 meses de experi\u00eancia n\u00e3o em CTPS; ensino m\u00e9dio completo; necess\u00e1rio conhecimento em inform\u00e1tica, CFTV e sistema de alarmes; somente candidatos de Jundia\u00ed.<\/li>\n<li><strong>Empregada Domestica Diarista<\/strong>\u00a0(liberado em 11\/12\/2018) \u2013 6 meses de experi\u00eancia em CTPS; ensino fundamental incompleto; somente candidatos de Jundia\u00ed e V\u00e1rzea Paulista.<\/li>\n<li><strong>Empregada Domestica Faxineira<\/strong>\u00a0(liberado em 11\/12\/2018) \u2013 6 meses de experi\u00eancia em CTPS; ensino fundamental incompleto; somente candidatos de Jundia\u00ed. e V\u00e1rzea Paulista.<\/li>\n<li><strong>Mec\u00e2nico de Autom\u00f3veis e Caminh\u00f5es<\/strong>\u00a0(liberado em 10\/12\/2018) \u2013 6 meses de experi\u00eancia em CTPS; ensino fundamental completo; somente candidatos de Jundia\u00ed e V\u00e1rzea Paulista.<\/li>\n<li><strong>Motorista Carreteiro<\/strong>\u00a0(liberado em 10\/12\/2018) \u2013 6 meses de experi\u00eancia em CTPS; ensino fundamental completo; somente candidatos de Jundia\u00ed; V\u00e1rzea Paulista, Louveira, Vinhedo e Cabre\u00fava.<\/li>\n<li><strong>Motorista operador de betoneira<\/strong>\u00a0(liberado em 12\/12\/2018) \u2013 6 meses de experi\u00eancia em carteira, fundamental incompleto, somente candidatos de jundia\u00ed e V\u00e1rzea Paulista.<\/li>\n<li><strong>Operador de P\u00e1 Carregadeira<\/strong>\u00a0(liberado em 12\/12\/2018) \u2013 6 meses de experi\u00eancia em CTPS; ensino fundamental completo; somente candidatos de Jundia\u00ed e V\u00e1rzea Paulista.<\/li>\n<li><strong>Soldador<\/strong>\u00a0(liberado em 10\/12\/2018) \u2013 6 meses de experi\u00eancia em CTPS; ensino m\u00e9dio completo; somente candidatos de Jundia\u00ed e V\u00e1rzea Paulista.<\/li>\n<li><strong>Vaga exclusiva PCD (Pessoas com Defici\u00eancia)<\/strong>\u00a0(liberado em 11\/12\/2018) \u2013 Auxiliar ADM &#8211; 6 meses de experi\u00eancia em CTPS; ensino m\u00e9dio completo; necess\u00e1rio laudo m\u00e9dico; somente candidatos de Jundia\u00ed.<\/li>\n<\/ul>\n<p>\u00daltima atualiza\u00e7\u00e3o em\u00a0<strong>13\/12\/2018 13:37<\/strong><\/p>\n<p><em>(Fonte: Prefeitura de Jundia\u00ed)<\/em><\/p>\n<\/div>\n","protected":false},"excerpt":{"rendered":"<p>Pode haver altera\u00e7\u00e3o no quadro de disponibilidade durante a semana<\/p>\n","protected":false},"author":11,"featured_media":10772,"comment_status":"closed","ping_status":"closed","sticky":false,"template":"","format":"standard","meta":{"footnotes":""},"categories":[29,1],"tags":[2112,346,556,39,44],"class_list":["post-21653","post","type-post","status-publish","format-standard","has-post-thumbnail","hentry","category-destaque","category-noticias","tag-cidades","tag-economia","tag-noticias","tag-pat","tag-pat-jundiai"],"_links":{"self":[{"href":"https:\/\/tvtecjundiai.com.br\/news\/wp-json\/wp\/v2\/posts\/21653","targetHints":{"allow":["GET"]}}],"collection":[{"href":"https:\/\/tvtecjundiai.com.br\/news\/wp-json\/wp\/v2\/posts"}],"about":[{"href":"https:\/\/tvtecjundiai.com.br\/news\/wp-json\/wp\/v2\/types\/post"}],"author":[{"embeddable":true,"href":"https:\/\/tvtecjundiai.com.br\/news\/wp-json\/wp\/v2\/users\/11"}],"replies":[{"embeddable":true,"href":"https:\/\/tvtecjundiai.com.br\/news\/wp-json\/wp\/v2\/comments?post=21653"}],"version-history":[{"count":1,"href":"https:\/\/tvtecjundiai.com.br\/news\/wp-json\/wp\/v2\/posts\/21653\/revisions"}],"predecessor-version":[{"id":21654,"href":"https:\/\/tvtecjundiai.com.br\/news\/wp-json\/wp\/v2\/posts\/21653\/revisions\/21654"}],"wp:featuredmedia":[{"embeddable":true,"href":"https:\/\/tvtecjundiai.com.br\/news\/wp-json\/wp\/v2\/media\/10772"}],"wp:attachment":[{"href":"https:\/\/tvtecjundiai.com.br\/news\/wp-json\/wp\/v2\/media?parent=21653"}],"wp:term":[{"taxonomy":"category","embeddable":true,"href":"https:\/\/tvtecjundiai.com.br\/news\/wp-json\/wp\/v2\/categories?post=21653"},{"taxonomy":"post_tag","embeddable":true,"href":"https:\/\/tvtecjundiai.com.br\/news\/wp-json\/wp\/v2\/tags?post=21653"}],"curies":[{"name":"wp","href":"https:\/\/api.w.org\/{rel}","templated":true}]}}