{"id":21670,"date":"2018-12-14T15:05:41","date_gmt":"2018-12-14T17:05:41","guid":{"rendered":"https:\/\/tvtecjundiai.com.br\/news\/?p=21670"},"modified":"2018-12-14T15:05:41","modified_gmt":"2018-12-14T17:05:41","slug":"linhas-universitarias-ficam-suspensas-durante-as-ferias","status":"publish","type":"post","link":"https:\/\/tvtecjundiai.com.br\/news\/2018\/12\/14\/linhas-universitarias-ficam-suspensas-durante-as-ferias\/","title":{"rendered":"Linhas universit\u00e1rias ficam suspensas durante as f\u00e9rias"},"content":{"rendered":"<p dir=\"ltr\">A Unidade de Gest\u00e3o de Mobilidade e Transporte (UGMT) informa que as linhas universit\u00e1rias 901 e 910 (UNIP e Faculdade Anhanguera), 902 (Universidade Padre Anchieta), 585 e 904 (ETEC Vasco Venchiarutti) estar\u00e3o suspensas durante o per\u00edodo de f\u00e9rias escolares. Excepcionalmente, a linha 585 permanece com os hor\u00e1rios que partem \u00e0s 16h02 do Terminal Rami e \u00e0s 16h10 da Escola T\u00e9cnica para manter o atendimento aos funcion\u00e1rios.<\/p>\n<div id=\"attachment_21671\" style=\"width: 410px\" class=\"wp-caption alignright\"><a href=\"https:\/\/tvtecjundiai.com.br\/news\/wp-content\/uploads\/sites\/2\/2018\/12\/onibus-eloy.jpg\"><img loading=\"lazy\" decoding=\"async\" aria-describedby=\"caption-attachment-21671\" class=\"wp-image-21671\" src=\"https:\/\/tvtecjundiai.com.br\/news\/wp-content\/uploads\/sites\/2\/2018\/12\/onibus-eloy-300x208.jpg\" alt=\"\" width=\"400\" height=\"277\" srcset=\"https:\/\/tvtecjundiai.com.br\/news\/wp-content\/uploads\/sites\/2\/2018\/12\/onibus-eloy-300x208.jpg 300w, https:\/\/tvtecjundiai.com.br\/news\/wp-content\/uploads\/sites\/2\/2018\/12\/onibus-eloy-768x533.jpg 768w, https:\/\/tvtecjundiai.com.br\/news\/wp-content\/uploads\/sites\/2\/2018\/12\/onibus-eloy-1200x832.jpg 1200w, https:\/\/tvtecjundiai.com.br\/news\/wp-content\/uploads\/sites\/2\/2018\/12\/onibus-eloy.jpg 1240w\" sizes=\"auto, (max-width: 400px) 100vw, 400px\" \/><\/a><p id=\"caption-attachment-21671\" class=\"wp-caption-text\">Linhas que atendem universidades ficam suspensas no per\u00edodo de f\u00e9rias<\/p><\/div>\n<p dir=\"ltr\">A UGMT ressalta que estas linhas retornam no in\u00edcio do ano letivo de cada institui\u00e7\u00e3o. Caso exista alguma mudan\u00e7a no calend\u00e1rio escolar, a UGMT poder\u00e1 ajustar a data de retorno para o atendimento adequado aos alunos.<\/p>\n<p dir=\"ltr\"><strong>Confira como ficar\u00e1 o atendimento neste per\u00edodo:<\/strong><\/p>\n<ul>\n<li dir=\"ltr\">As linhas 901 e 910, de 15\/12\/2018 a 03\/02\/2019: se houver necessidade durante o per\u00edodo de recesso, as institui\u00e7\u00f5es podem ser acessadas respectivamente pelas linhas 573 (Engordadouro \u2013 Terminal Hortol\u00e2ndia) e 712 (Jardim Guanabara \u2013 Terminal Vila Arens).<\/li>\n<li dir=\"ltr\">Linha 902, de 22\/12\/2018 a 17\/02\/2019: durante o per\u00edodo de recesso, a institui\u00e7\u00e3o pode ser acessada pela linha 583 (Residencial Anchieta \u2013 Terminal Rami).<\/li>\n<li dir=\"ltr\">Linhas 585 e 904, de 15\/12\/2018 a 03\/02\/2019: durante o per\u00edodo de recesso, a escola pode ser acessada pela linha 584 (Terra Nova \u2013 Terminal Rami).<\/li>\n<\/ul>\n<p><em>(Fonte\/Imagem: Prefeitura de Jundia\u00ed)<\/em><\/p>\n","protected":false},"excerpt":{"rendered":"<p>Linhas voltam ao normal no in\u00edcio do ano letivo de cada institui\u00e7\u00e3o<\/p>\n","protected":false},"author":10,"featured_media":21671,"comment_status":"closed","ping_status":"closed","sticky":false,"template":"","format":"standard","meta":{"footnotes":""},"categories":[2834,29,3059],"tags":[1855,5,4495],"class_list":["post-21670","post","type-post","status-publish","format-standard","has-post-thumbnail","hentry","category-cidades","category-destaque","category-transportes","tag-ferias","tag-jundiai","tag-transporte-jundiai"],"_links":{"self":[{"href":"https:\/\/tvtecjundiai.com.br\/news\/wp-json\/wp\/v2\/posts\/21670","targetHints":{"allow":["GET"]}}],"collection":[{"href":"https:\/\/tvtecjundiai.com.br\/news\/wp-json\/wp\/v2\/posts"}],"about":[{"href":"https:\/\/tvtecjundiai.com.br\/news\/wp-json\/wp\/v2\/types\/post"}],"author":[{"embeddable":true,"href":"https:\/\/tvtecjundiai.com.br\/news\/wp-json\/wp\/v2\/users\/10"}],"replies":[{"embeddable":true,"href":"https:\/\/tvtecjundiai.com.br\/news\/wp-json\/wp\/v2\/comments?post=21670"}],"version-history":[{"count":1,"href":"https:\/\/tvtecjundiai.com.br\/news\/wp-json\/wp\/v2\/posts\/21670\/revisions"}],"predecessor-version":[{"id":21672,"href":"https:\/\/tvtecjundiai.com.br\/news\/wp-json\/wp\/v2\/posts\/21670\/revisions\/21672"}],"wp:featuredmedia":[{"embeddable":true,"href":"https:\/\/tvtecjundiai.com.br\/news\/wp-json\/wp\/v2\/media\/21671"}],"wp:attachment":[{"href":"https:\/\/tvtecjundiai.com.br\/news\/wp-json\/wp\/v2\/media?parent=21670"}],"wp:term":[{"taxonomy":"category","embeddable":true,"href":"https:\/\/tvtecjundiai.com.br\/news\/wp-json\/wp\/v2\/categories?post=21670"},{"taxonomy":"post_tag","embeddable":true,"href":"https:\/\/tvtecjundiai.com.br\/news\/wp-json\/wp\/v2\/tags?post=21670"}],"curies":[{"name":"wp","href":"https:\/\/api.w.org\/{rel}","templated":true}]}}