{"id":21721,"date":"2018-12-17T10:13:44","date_gmt":"2018-12-17T12:13:44","guid":{"rendered":"https:\/\/tvtecjundiai.com.br\/news\/?p=21721"},"modified":"2018-12-17T10:13:44","modified_gmt":"2018-12-17T12:13:44","slug":"praca-que-acolhe-chega-ao-bairro-do-vianelo","status":"publish","type":"post","link":"https:\/\/tvtecjundiai.com.br\/news\/2018\/12\/17\/praca-que-acolhe-chega-ao-bairro-do-vianelo\/","title":{"rendered":"Pra\u00e7a que Acolhe chega ao bairro do Vianelo"},"content":{"rendered":"<p>A Pra\u00e7a Francisco Fernandes Pessolano \u2013 instalada na regi\u00e3o da Rua 23 de Maio, defronte a Emeb Ramiro Ara\u00fajo Filho, ganhou revitaliza\u00e7\u00e3o\u00a0com a requalifica\u00e7\u00e3o paisag\u00edstica (jardinagem), pintura do pavimento para atividades do Programa \u201cRuas de Brincar\u201d, ambiente para integra\u00e7\u00e3o de atividades extracurriculares das escolas de regi\u00e3o.\u00a0Esta \u00e9 a segunda Pra\u00e7a que Acolhe entregue na cidade e traz tamb\u00e9m como diferencial a entrega da rede de wi-fi gratuita Conect@do, que contou durante o seu lan\u00e7amento com as interven\u00e7\u00f5es de palha\u00e7os interagindo com os frequentadores do local.<\/p>\n<div id=\"attachment_21726\" style=\"width: 310px\" class=\"wp-caption alignleft\"><a href=\"https:\/\/tvtecjundiai.com.br\/news\/wp-content\/uploads\/sites\/2\/2018\/12\/praca.jpg\"><img loading=\"lazy\" decoding=\"async\" aria-describedby=\"caption-attachment-21726\" class=\"wp-image-21726 size-medium\" src=\"https:\/\/tvtecjundiai.com.br\/news\/wp-content\/uploads\/sites\/2\/2018\/12\/praca-300x200.jpg\" alt=\"\" width=\"300\" height=\"200\" srcset=\"https:\/\/tvtecjundiai.com.br\/news\/wp-content\/uploads\/sites\/2\/2018\/12\/praca-300x200.jpg 300w, https:\/\/tvtecjundiai.com.br\/news\/wp-content\/uploads\/sites\/2\/2018\/12\/praca-768x512.jpg 768w, https:\/\/tvtecjundiai.com.br\/news\/wp-content\/uploads\/sites\/2\/2018\/12\/praca-1200x800.jpg 1200w, https:\/\/tvtecjundiai.com.br\/news\/wp-content\/uploads\/sites\/2\/2018\/12\/praca.jpg 1400w\" sizes=\"auto, (max-width: 300px) 100vw, 300px\" \/><\/a><p id=\"caption-attachment-21726\" class=\"wp-caption-text\">Os amigos consideram a iniciativa muito importante principalmente para as futuras gera\u00e7\u00f5es<\/p><\/div>\n<p>\u201cAs pra\u00e7as ganham um conceito mais din\u00e2mico e atualizado sobre espa\u00e7os p\u00fablicos, o que possibilita um olhar diferenciado para crian\u00e7as e adultos que passam a usufruir de novas op\u00e7\u00f5es de lazer. \u00c9 uma forma de estimular o brincar, reunir a fam\u00edlia\u201d, informou o titular da Unidade de Gest\u00e3o de Cultura (UGC), Marcelo Peroni.<\/p>\n<p>Ricardo Busnardo Denardi \u00e9 diretor de Infraestrutura da Companhia de Inform\u00e1tica de Jundia\u00ed (CIJUN). Ele ressalta que com a instala\u00e7\u00e3o da rede Conect@do a cobertura passa a ser total na pra\u00e7a. \u201cBasta fazer um breve cadastro para se ter acesso \u00e0 Internet de alta velocidade.\u201d<\/p>\n<p>Os amigos Rafael Foratto Faria, engenheiro de telecomunica\u00e7\u00f5es; o empres\u00e1rio Danilo Lisboa; o engenheiro civil Robson Martins; e o mecatr\u00f4nico Frederick Claudino, elogiaram a proposta. \u201cUm presente para a cidade na semana do seu anivers\u00e1rio: importante e necess\u00e1rio que todos os espa\u00e7os possam estar conectados, \u00e9 uma necessidade, um avan\u00e7o. Realmente \u00e9 um presente pensando nas futuras gera\u00e7\u00f5es.\u201d<\/p>\n<p><em>(Fonte e imagem: Prefeitura de Jundia\u00ed)<\/em><\/p>\n","protected":false},"excerpt":{"rendered":"<p>Entrega foi realizada no \u00faltimo s\u00e1bado (15)<\/p>\n","protected":false},"author":11,"featured_media":21725,"comment_status":"closed","ping_status":"closed","sticky":false,"template":"","format":"standard","meta":{"footnotes":""},"categories":[2834,1],"tags":[1718,2112,556,4505],"class_list":["post-21721","post","type-post","status-publish","format-standard","has-post-thumbnail","hentry","category-cidades","category-noticias","tag-aniversario-de-jundiai","tag-cidades","tag-noticias","tag-praca-que-acolhe"],"_links":{"self":[{"href":"https:\/\/tvtecjundiai.com.br\/news\/wp-json\/wp\/v2\/posts\/21721","targetHints":{"allow":["GET"]}}],"collection":[{"href":"https:\/\/tvtecjundiai.com.br\/news\/wp-json\/wp\/v2\/posts"}],"about":[{"href":"https:\/\/tvtecjundiai.com.br\/news\/wp-json\/wp\/v2\/types\/post"}],"author":[{"embeddable":true,"href":"https:\/\/tvtecjundiai.com.br\/news\/wp-json\/wp\/v2\/users\/11"}],"replies":[{"embeddable":true,"href":"https:\/\/tvtecjundiai.com.br\/news\/wp-json\/wp\/v2\/comments?post=21721"}],"version-history":[{"count":1,"href":"https:\/\/tvtecjundiai.com.br\/news\/wp-json\/wp\/v2\/posts\/21721\/revisions"}],"predecessor-version":[{"id":21727,"href":"https:\/\/tvtecjundiai.com.br\/news\/wp-json\/wp\/v2\/posts\/21721\/revisions\/21727"}],"wp:featuredmedia":[{"embeddable":true,"href":"https:\/\/tvtecjundiai.com.br\/news\/wp-json\/wp\/v2\/media\/21725"}],"wp:attachment":[{"href":"https:\/\/tvtecjundiai.com.br\/news\/wp-json\/wp\/v2\/media?parent=21721"}],"wp:term":[{"taxonomy":"category","embeddable":true,"href":"https:\/\/tvtecjundiai.com.br\/news\/wp-json\/wp\/v2\/categories?post=21721"},{"taxonomy":"post_tag","embeddable":true,"href":"https:\/\/tvtecjundiai.com.br\/news\/wp-json\/wp\/v2\/tags?post=21721"}],"curies":[{"name":"wp","href":"https:\/\/api.w.org\/{rel}","templated":true}]}}