{"id":21809,"date":"2018-12-18T11:42:42","date_gmt":"2018-12-18T13:42:42","guid":{"rendered":"https:\/\/tvtecjundiai.com.br\/news\/?p=21809"},"modified":"2018-12-18T11:42:42","modified_gmt":"2018-12-18T13:42:42","slug":"gabriel-medina-e-bicampeao-mundial-de-surfe","status":"publish","type":"post","link":"https:\/\/tvtecjundiai.com.br\/news\/2018\/12\/18\/gabriel-medina-e-bicampeao-mundial-de-surfe\/","title":{"rendered":"Gabriel Medina \u00e9 bicampe\u00e3o mundial de surfe"},"content":{"rendered":"<p>O atleta paulista Gabriel Medina conquistou, pela segunda vez, o\u00a0World Surf League (WSL), a liga mundial, quatro anos ap\u00f3s se tornar o primeiro brasileiro campe\u00e3o mundial de surfe profissional.\u00a0Medina venceu seu primeiro t\u00edtulo mundial em 19 de dezembro de 2014, tamb\u00e9m no Hava\u00ed.<\/p>\n<div id=\"attachment_21812\" style=\"width: 321px\" class=\"wp-caption alignleft\"><a href=\"https:\/\/tvtecjundiai.com.br\/news\/wp-content\/uploads\/sites\/2\/2018\/12\/medina_fernando_frazao_mg_0580_1.jpg\"><img loading=\"lazy\" decoding=\"async\" aria-describedby=\"caption-attachment-21812\" class=\"wp-image-21812\" src=\"https:\/\/tvtecjundiai.com.br\/news\/wp-content\/uploads\/sites\/2\/2018\/12\/medina_fernando_frazao_mg_0580_1-300x200.jpg\" alt=\"\" width=\"311\" height=\"207\" srcset=\"https:\/\/tvtecjundiai.com.br\/news\/wp-content\/uploads\/sites\/2\/2018\/12\/medina_fernando_frazao_mg_0580_1-300x200.jpg 300w, https:\/\/tvtecjundiai.com.br\/news\/wp-content\/uploads\/sites\/2\/2018\/12\/medina_fernando_frazao_mg_0580_1-768x512.jpg 768w, https:\/\/tvtecjundiai.com.br\/news\/wp-content\/uploads\/sites\/2\/2018\/12\/medina_fernando_frazao_mg_0580_1.jpg 1140w\" sizes=\"auto, (max-width: 311px) 100vw, 311px\" \/><\/a><p id=\"caption-attachment-21812\" class=\"wp-caption-text\">Vit\u00f3ria veio ap\u00f3s quatro anos do primeiro t\u00edtulo<\/p><\/div>\n<p>Ap\u00f3s vencer Smith ainda durante a semifinal, Medina foi cercado pela torcida, amigos e parentes que acompanhavam a bateria da areia. O brasileiro disse que 2018 foi um ano intenso, durante o qual teve que trabalhar muito.\u00a0\u201cEstou muito feliz. N\u00e3o tenho palavras\u201d, disse Medina momentos antes de vencer Wilson e ficar tamb\u00e9m com a ta\u00e7a de campe\u00e3o do Pipe Masters.<\/p>\n<p>Outro brasileiro que sai consagrado do Hava\u00ed \u00e9 o guarujaense Jess\u00e9 Mendes, 25. Com a derrota de Jordy Smith, Mendes \u00e9 o campe\u00e3o da tradicional Tr\u00edplice Coroa Havaiana \u2013 trinca de campeonatos que ocorrem na temporada de ondas no Hava\u00ed durante o m\u00eas de dezembro. Em entrevista \u00e0 WSL, Mendes declarou ser dif\u00edcil de acreditar que conquistou o prestigiado t\u00edtulo, disputando contra os melhores atletas do mundo.<\/p>\n<p>No total, os surfistas brasileiros ganharam nove das 11 etapas deste ano, impondo a hegemonia verde-amarelo na categoria profissional masculino. Al\u00e9m das tr\u00eas vit\u00f3rias de Medina, o potiguar \u00cdtalo Ferreira, 24, venceu tr\u00eas etapas (Austr\u00e1lia, Portugal e Keramas, na Indon\u00e9sia); o paulista de S\u00e3o Sebasti\u00e3o, Filipe Toledo, 23, ganhou duas (Brasil e \u00c1frica do Sul), e o catarinense Willian Cardoso, 32, a de Uluwatu, tamb\u00e9m na Indon\u00e9sia. As \u00fanicas duas etapas n\u00e3o vencidas por brasileiros este ano foram conquistas por Julian Wilson, que, assim, termina o ano na segunda posi\u00e7\u00e3o no ranking que tem Filipe Toledo na terceira posi\u00e7\u00e3o e \u00cdtalo Ferreira no quarto lugar.<\/p>\n<p><em>(Fonte e imagem: Ag\u00eancia Brasil)<\/em><\/p>\n","protected":false},"excerpt":{"rendered":"<p>Vit\u00f3ria do brasileiro  foi anunciada nesta segunda (17)<\/p>\n","protected":false},"author":11,"featured_media":21812,"comment_status":"closed","ping_status":"closed","sticky":false,"template":"","format":"standard","meta":{"footnotes":""},"categories":[2827,1],"tags":[1903,271,4519,556],"class_list":["post-21809","post","type-post","status-publish","format-standard","has-post-thumbnail","hentry","category-esportes-e-lazer","category-noticias","tag-brasil","tag-esportes","tag-gabriel-medina","tag-noticias"],"_links":{"self":[{"href":"https:\/\/tvtecjundiai.com.br\/news\/wp-json\/wp\/v2\/posts\/21809","targetHints":{"allow":["GET"]}}],"collection":[{"href":"https:\/\/tvtecjundiai.com.br\/news\/wp-json\/wp\/v2\/posts"}],"about":[{"href":"https:\/\/tvtecjundiai.com.br\/news\/wp-json\/wp\/v2\/types\/post"}],"author":[{"embeddable":true,"href":"https:\/\/tvtecjundiai.com.br\/news\/wp-json\/wp\/v2\/users\/11"}],"replies":[{"embeddable":true,"href":"https:\/\/tvtecjundiai.com.br\/news\/wp-json\/wp\/v2\/comments?post=21809"}],"version-history":[{"count":1,"href":"https:\/\/tvtecjundiai.com.br\/news\/wp-json\/wp\/v2\/posts\/21809\/revisions"}],"predecessor-version":[{"id":21813,"href":"https:\/\/tvtecjundiai.com.br\/news\/wp-json\/wp\/v2\/posts\/21809\/revisions\/21813"}],"wp:featuredmedia":[{"embeddable":true,"href":"https:\/\/tvtecjundiai.com.br\/news\/wp-json\/wp\/v2\/media\/21812"}],"wp:attachment":[{"href":"https:\/\/tvtecjundiai.com.br\/news\/wp-json\/wp\/v2\/media?parent=21809"}],"wp:term":[{"taxonomy":"category","embeddable":true,"href":"https:\/\/tvtecjundiai.com.br\/news\/wp-json\/wp\/v2\/categories?post=21809"},{"taxonomy":"post_tag","embeddable":true,"href":"https:\/\/tvtecjundiai.com.br\/news\/wp-json\/wp\/v2\/tags?post=21809"}],"curies":[{"name":"wp","href":"https:\/\/api.w.org\/{rel}","templated":true}]}}