{"id":21999,"date":"2018-12-21T08:43:11","date_gmt":"2018-12-21T10:43:11","guid":{"rendered":"https:\/\/tvtecjundiai.com.br\/news\/?p=21999"},"modified":"2018-12-21T09:37:19","modified_gmt":"2018-12-21T11:37:19","slug":"banco-de-alimentos-de-jundiai-inicia-fase-de-testes-25","status":"publish","type":"post","link":"https:\/\/tvtecjundiai.com.br\/news\/2018\/12\/21\/banco-de-alimentos-de-jundiai-inicia-fase-de-testes-25\/","title":{"rendered":"Banco de Alimentos de Jundia\u00ed inicia fase de testes"},"content":{"rendered":"<p>A Prefeitura deu in\u00edcio nesta quinta-feira (20) \u00e0 distribui\u00e7\u00e3o das Cestas Verdes, os kits montados pelo Banco de Alimentos para as fam\u00edlias cadastradas no Centro de Refer\u00eancia de Assist\u00eancia Social (Cras) S\u00e3o Camilo. O projeto, ainda em per\u00edodo de testes, \u00e9 desenvolvido pela Unidade de Gest\u00e3o de Assist\u00eancia e Desenvolvimento Social (UGADS) com apoio da Funda\u00e7\u00e3o Municipal de A\u00e7\u00e3o Social (Fumas).<\/p>\n<p>O Banco deve funcionar assim: \u00e0s quartas-feiras, a UGADS recolhe as doa\u00e7\u00f5es dos produtores do CEASA Jundia\u00ed-ECAJ (Entreposto Central de Abastecimento Jundia\u00ed) e leva \u00e0 Fumas, que adequou as instala\u00e7\u00f5es de sua Cozinha Industrial para realizar a pesagem, triagem, higieniza\u00e7\u00e3o e embalagem dos produtos. Com os kits montados, a Fumas faz a entrega \u00e0s quintas-feiras nos Cras, que se encarrega da distribui\u00e7\u00e3o para as fam\u00edlias cadastradas.<\/p>\n<div id=\"attachment_22002\" style=\"width: 410px\" class=\"wp-caption alignleft\"><a href=\"https:\/\/tvtecjundiai.com.br\/news\/wp-content\/uploads\/sites\/2\/2018\/12\/banco_de_alimentos.jpg\"><img loading=\"lazy\" decoding=\"async\" aria-describedby=\"caption-attachment-22002\" class=\"wp-image-22002\" src=\"https:\/\/tvtecjundiai.com.br\/news\/wp-content\/uploads\/sites\/2\/2018\/12\/banco_de_alimentos-300x225.jpg\" alt=\"\" width=\"400\" height=\"300\" srcset=\"https:\/\/tvtecjundiai.com.br\/news\/wp-content\/uploads\/sites\/2\/2018\/12\/banco_de_alimentos-300x225.jpg 300w, https:\/\/tvtecjundiai.com.br\/news\/wp-content\/uploads\/sites\/2\/2018\/12\/banco_de_alimentos-768x576.jpg 768w, https:\/\/tvtecjundiai.com.br\/news\/wp-content\/uploads\/sites\/2\/2018\/12\/banco_de_alimentos-1200x900.jpg 1200w, https:\/\/tvtecjundiai.com.br\/news\/wp-content\/uploads\/sites\/2\/2018\/12\/banco_de_alimentos.jpg 1280w\" sizes=\"auto, (max-width: 400px) 100vw, 400px\" \/><\/a><p id=\"caption-attachment-22002\" class=\"wp-caption-text\">Solange Marques, Silvia Helena e N\u00e1dia Taffarello Soares conferem as primeiras doa\u00e7\u00f5es<\/p><\/div>\n<p>\u201cOs alimentos chegaram no in\u00edcio da tarde dessa quarta (19) e foram acondicionados na \u00e1rea de recebimento de materiais, para hoje de manh\u00e3 prepararmos os kits, que estamos chamando de cestas verdes\u201d, explicou Raquel Semiramis C\u00e9sar, t\u00e9cnica em Nutri\u00e7\u00e3o da Fumas. Batata, tomate, abobrinha, cenoura, beterraba, couve-flor, berinjela, chuchu, laranja, ma\u00e7\u00e3, manga e mel\u00e3o estavam entre os 337 quilos de alimentos doados pelos produtores para as fam\u00edlias cadastradas.<\/p>\n<p>Al\u00e9m das doa\u00e7\u00f5es de frutas e legumes feitas pelos produtores do ECAJ, tamb\u00e9m foram encaminhados pela Unidade de Desenvolvimento de Meio Ambiente (UNIDAM), ligada \u00e0 Unidade de Infraestrutura e Servi\u00e7os P\u00fablicos (UGISP), cerca de 300 p\u00e9s de alface colhidos no Viveiro Municipal. \u201cComo esta doa\u00e7\u00e3o \u00e9 maior e \u00e9 um produto mais perec\u00edvel, al\u00e9m de enviar as alfaces nas cestas verdes para o CRAS, tamb\u00e9m vamos enviar para as crian\u00e7as atendidas pelo PSA nos Centros Comunit\u00e1rios\u201d, acrescentou a tamb\u00e9m t\u00e9cnica em Nutri\u00e7\u00e3o, Silvia Helena Donizete de Lima.<\/p>\n<p><em>(Fonte e imagem: Prefeitura de Jundia\u00ed)<\/em><\/p>\n","protected":false},"excerpt":{"rendered":"<p>Primeiras doa\u00e7\u00f5es foram recebidas na \u00faltima quarta-feira (19)<\/p>\n","protected":false},"author":11,"featured_media":22000,"comment_status":"closed","ping_status":"closed","sticky":false,"template":"","format":"standard","meta":{"footnotes":""},"categories":[2834,1],"tags":[4293,2112,1488,556,2347],"class_list":["post-21999","post","type-post","status-publish","format-standard","has-post-thumbnail","hentry","category-cidades","category-noticias","tag-banco-de-alimentos","tag-cidades","tag-fumas","tag-noticias","tag-ugads"],"_links":{"self":[{"href":"https:\/\/tvtecjundiai.com.br\/news\/wp-json\/wp\/v2\/posts\/21999","targetHints":{"allow":["GET"]}}],"collection":[{"href":"https:\/\/tvtecjundiai.com.br\/news\/wp-json\/wp\/v2\/posts"}],"about":[{"href":"https:\/\/tvtecjundiai.com.br\/news\/wp-json\/wp\/v2\/types\/post"}],"author":[{"embeddable":true,"href":"https:\/\/tvtecjundiai.com.br\/news\/wp-json\/wp\/v2\/users\/11"}],"replies":[{"embeddable":true,"href":"https:\/\/tvtecjundiai.com.br\/news\/wp-json\/wp\/v2\/comments?post=21999"}],"version-history":[{"count":2,"href":"https:\/\/tvtecjundiai.com.br\/news\/wp-json\/wp\/v2\/posts\/21999\/revisions"}],"predecessor-version":[{"id":22012,"href":"https:\/\/tvtecjundiai.com.br\/news\/wp-json\/wp\/v2\/posts\/21999\/revisions\/22012"}],"wp:featuredmedia":[{"embeddable":true,"href":"https:\/\/tvtecjundiai.com.br\/news\/wp-json\/wp\/v2\/media\/22000"}],"wp:attachment":[{"href":"https:\/\/tvtecjundiai.com.br\/news\/wp-json\/wp\/v2\/media?parent=21999"}],"wp:term":[{"taxonomy":"category","embeddable":true,"href":"https:\/\/tvtecjundiai.com.br\/news\/wp-json\/wp\/v2\/categories?post=21999"},{"taxonomy":"post_tag","embeddable":true,"href":"https:\/\/tvtecjundiai.com.br\/news\/wp-json\/wp\/v2\/tags?post=21999"}],"curies":[{"name":"wp","href":"https:\/\/api.w.org\/{rel}","templated":true}]}}