{"id":2202,"date":"2017-10-27T15:58:46","date_gmt":"2017-10-27T17:58:46","guid":{"rendered":"https:\/\/tvtecjundiai.com.br\/news\/?p=2202"},"modified":"2017-10-27T16:00:11","modified_gmt":"2017-10-27T18:00:11","slug":"cidades-sessao-solene-entrega-titulos-honorificos","status":"publish","type":"post","link":"https:\/\/tvtecjundiai.com.br\/news\/2017\/10\/27\/cidades-sessao-solene-entrega-titulos-honorificos\/","title":{"rendered":"Cidades: Sess\u00e3o Solene entrega T\u00edtulos Honor\u00edficos"},"content":{"rendered":"<p>Como ocorre tradicionalmente todos os anos, a C\u00e2mara Municipal homenageou pessoas e entidades representativas da cidade. Os 41 homenageados (listados abaixo), receberam os t\u00edtulos durante Sess\u00e3o Solene na noite desta quinta-feira (26) no Teatro Polytheama.<\/p>\n<p><strong>Confira nossa mat\u00e9ria:<\/strong><\/p>\n<p><iframe loading=\"lazy\" src=\"https:\/\/www.facebook.com\/plugins\/video.php?href=https%3A%2F%2Fwww.facebook.com%2Ftvejundiai%2Fvideos%2F1114625135307671%2F&#038;show_text=0&#038;width=560\" width=\"560\" height=\"420\" style=\"border:none;overflow:hidden\" scrolling=\"no\" frameborder=\"0\" allowTransparency=\"true\" allowFullScreen=\"true\"><\/iframe><\/p>\n<p><strong>Confira a rela\u00e7\u00e3o dos 41 homenageados:<\/strong><\/p>\n<p><strong>T\u00edtulo de Cidad\u00e3o Jundiaiense:<\/strong><br \/>\nPadre Agnaldo Tavares Ribeiro<br \/>\nSr. Alexandre Apolin\u00e1rio de Oliveira<br \/>\n2.\u00ba Sgt. PM Antonio Carlos Soares<br \/>\nSr. Aparecido Saraiva da Silva<br \/>\nTen.-Cel. Art. Carlos Henrique da Silva Martins<br \/>\nDr. Daisaku Ikeda<br \/>\nSr.\u00aa Fernanda Di Benedetti<br \/>\nSr.\u00aa Jacinta de Freitas Veiga<br \/>\nSr. Jos\u00e9 Bessa Silva Filho<br \/>\nSr. Jos\u00e9 Luiz Schmidt Soto<br \/>\nSr. Jos\u00e9 Martins dos Anjos<br \/>\nPresb. Marcio Elias Baptista<br \/>\nPastor Nivaldo Bispo Ximenes Filho<br \/>\nDr. Osvaldo Santistevan Medina<br \/>\nSr. Paulo Ata\u00edde Dos Santos<br \/>\nSr. Paulo Galdino Dos Reis<br \/>\nSr. Samuel Godoy Da Silva<br \/>\nProf.\u00aa Dr.\u00aa S\u00f4nia Maria De Ara\u00fajo Cintra<br \/>\nSr. Vanderlei Vieira<br \/>\nProf. Wilson Jo\u00e3o Zampieri<\/p>\n<p><strong>Cidad\u00e3o Benem\u00e9rito:<\/strong><br \/>\nSr. Ant\u00f4nio Carlos In\u00e1cio de Souza<br \/>\nDep. Estadual Sr. Jos\u00e9 Roberto Aprillanti J\u00fanior<br \/>\nSr. Miguel Arcanjo Mazzola<\/p>\n<p><strong>Ordem do M\u00e9rito &#8220;Conde de Parna\u00edba&#8221;<\/strong><br \/>\nSr. Dorival Raymundo J\u00fanior (\u201cVal J\u00fanior\u201d)<\/p>\n<p><strong>Ordem do M\u00e9rito &#8220;Comendador Giuseppe Franco&#8221;<\/strong><br \/>\nSr. Moacir Mendes Aiello<\/p>\n<p><strong>Ordem do M\u00e9rito Municipal<\/strong><br \/>\nDr.\u00aa Karen Eloise Andrade Forner<br \/>\nProf.\u00aa Neide da Silva Pires<br \/>\nProf.\u00aa No\u00eamia Augusta Lopes Rodrigues<\/p>\n<p><strong>Diploma Petronilha Antunes<\/strong><br \/>\nGrupo I Cantanti D&#8217;Italia<br \/>\nSr.\u00aa Maria Ros\u00e2ngela Moretti<br \/>\nProf. Nestor Jos\u00e9 Most\u00e9rio<\/p>\n<p><strong>Diploma do M\u00e9rito Ecol\u00f3gico<\/strong><br \/>\nSr. Alvanir Silveira de Oliveira<\/p>\n<p><strong>Diploma do M\u00e9rito Jornal\u00edstico<\/strong><br \/>\nSrta. Alessandra Cristina Marques<\/p>\n<p><strong>Diploma de Homenagem P\u00f3stuma<\/strong><br \/>\nSr. M\u00e1rcio Roberto Chagas<br \/>\nSr. Sandro \u00c2ngelo Vaia<\/p>\n<p><strong>Diploma do M\u00e9rito Religioso<\/strong><br \/>\nPe. Geraldo da Cruz Bicudo de Almeida<br \/>\nPe. Jos\u00e9 Brombal<br \/>\nRomaria Pedestre de Vila Arens ao Santu\u00e1rio do Bom Jesus de Pirapora<\/p>\n<p><strong>Diploma de Benem\u00e9rito Amigo da Crian\u00e7a<\/strong><br \/>\nSr.\u00aa Carla Pieradozzi<\/p>\n<p><strong>Diploma \u201cHerbert de Souza \u2013 Betinho\u201d<\/strong><br \/>\nAssocia\u00e7\u00e3o Crist\u00e3 em Defesa Da Cidadania-ACDC<\/p>\n<p><strong>Diploma \u201cCapit\u00e3o Nivaldo Bonassi\u201d de Incentivo ao Esporte Jundiaiense<\/strong><br \/>\nSr. Rafael Porcari<\/p>\n<p><em>Fonte: C\u00e2mara Municipal de Jundia\u00ed<\/em><\/p>\n","protected":false},"excerpt":{"rendered":"<p>O evento ocorreu na noite desta quinta-feira (26) no Teatro Polytheama<\/p>\n","protected":false},"author":6,"featured_media":2203,"comment_status":"closed","ping_status":"closed","sticky":false,"template":"","format":"standard","meta":{"footnotes":""},"categories":[1],"tags":[1180,1181,1179],"class_list":["post-2202","post","type-post","status-publish","format-standard","has-post-thumbnail","hentry","category-noticias","tag-camara-municipal-de-jundiai","tag-homenagens","tag-titulos-honorificos"],"_links":{"self":[{"href":"https:\/\/tvtecjundiai.com.br\/news\/wp-json\/wp\/v2\/posts\/2202","targetHints":{"allow":["GET"]}}],"collection":[{"href":"https:\/\/tvtecjundiai.com.br\/news\/wp-json\/wp\/v2\/posts"}],"about":[{"href":"https:\/\/tvtecjundiai.com.br\/news\/wp-json\/wp\/v2\/types\/post"}],"author":[{"embeddable":true,"href":"https:\/\/tvtecjundiai.com.br\/news\/wp-json\/wp\/v2\/users\/6"}],"replies":[{"embeddable":true,"href":"https:\/\/tvtecjundiai.com.br\/news\/wp-json\/wp\/v2\/comments?post=2202"}],"version-history":[{"count":3,"href":"https:\/\/tvtecjundiai.com.br\/news\/wp-json\/wp\/v2\/posts\/2202\/revisions"}],"predecessor-version":[{"id":2206,"href":"https:\/\/tvtecjundiai.com.br\/news\/wp-json\/wp\/v2\/posts\/2202\/revisions\/2206"}],"wp:featuredmedia":[{"embeddable":true,"href":"https:\/\/tvtecjundiai.com.br\/news\/wp-json\/wp\/v2\/media\/2203"}],"wp:attachment":[{"href":"https:\/\/tvtecjundiai.com.br\/news\/wp-json\/wp\/v2\/media?parent=2202"}],"wp:term":[{"taxonomy":"category","embeddable":true,"href":"https:\/\/tvtecjundiai.com.br\/news\/wp-json\/wp\/v2\/categories?post=2202"},{"taxonomy":"post_tag","embeddable":true,"href":"https:\/\/tvtecjundiai.com.br\/news\/wp-json\/wp\/v2\/tags?post=2202"}],"curies":[{"name":"wp","href":"https:\/\/api.w.org\/{rel}","templated":true}]}}