{"id":22062,"date":"2018-12-21T16:56:16","date_gmt":"2018-12-21T18:56:16","guid":{"rendered":"https:\/\/tvtecjundiai.com.br\/news\/?p=22062"},"modified":"2018-12-21T16:56:16","modified_gmt":"2018-12-21T18:56:16","slug":"aos-81-anos-moradora-de-jundiai-realiza-sonho-de-ver-filho-trabalhando-como-papai-noel","status":"publish","type":"post","link":"https:\/\/tvtecjundiai.com.br\/news\/2018\/12\/21\/aos-81-anos-moradora-de-jundiai-realiza-sonho-de-ver-filho-trabalhando-como-papai-noel\/","title":{"rendered":"Aos 81 anos, moradora de Jundia\u00ed realiza sonho de ver filho trabalhando como Papai Noel"},"content":{"rendered":"<p>Francisco Luiz de Menezes Silva, de 60 anos, j\u00e1 perdeu a conta de quantas fotografias tirou em shoppings ou quantos presentes distribuiu a crian\u00e7as carentes do Jardim Novo Horizonte, onde anualmente faz uma a\u00e7\u00e3o social, por conta pr\u00f3pria, no dia de Natal. \u00a0Mas em oito anos trabalhando como Papai Noel, n\u00e3o conseguiu realizar um desejo da m\u00e3e, C\u00edcera Maria de Menezes, de 81. A oportunidade ocorreu esta semana, durante um dos percursos do Caminh\u00e3o Encantado da Associa\u00e7\u00e3o Comercial de Jundia\u00ed (ACE Jundia\u00ed), e emocionou quem presenciou a cena.<\/p>\n<div id=\"attachment_22063\" style=\"width: 410px\" class=\"wp-caption alignright\"><a href=\"https:\/\/tvtecjundiai.com.br\/news\/wp-content\/uploads\/sites\/2\/2018\/12\/noel-francisco-4-850x500.jpg\"><img loading=\"lazy\" decoding=\"async\" aria-describedby=\"caption-attachment-22063\" class=\"wp-image-22063\" src=\"https:\/\/tvtecjundiai.com.br\/news\/wp-content\/uploads\/sites\/2\/2018\/12\/noel-francisco-4-850x500-300x176.jpg\" alt=\"\" width=\"400\" height=\"235\" srcset=\"https:\/\/tvtecjundiai.com.br\/news\/wp-content\/uploads\/sites\/2\/2018\/12\/noel-francisco-4-850x500-300x176.jpg 300w, https:\/\/tvtecjundiai.com.br\/news\/wp-content\/uploads\/sites\/2\/2018\/12\/noel-francisco-4-850x500-768x452.jpg 768w, https:\/\/tvtecjundiai.com.br\/news\/wp-content\/uploads\/sites\/2\/2018\/12\/noel-francisco-4-850x500.jpg 850w\" sizes=\"auto, (max-width: 400px) 100vw, 400px\" \/><\/a><p id=\"caption-attachment-22063\" class=\"wp-caption-text\">Noel Francisco est\u00e1 rodando os bairros no Caminh\u00e3o da ACE Jundia\u00ed at\u00e9 domingo<\/p><\/div>\n<p>\u201cSempre trabalhei em shoppings do Rio de Janeiro e de Campinas\u201d, conta Francisco. \u201cE no dia de Natal, quando fa\u00e7o a a\u00e7\u00e3o social com as crian\u00e7as, minha m\u00e3e j\u00e1 est\u00e1 em S\u00e3o Jos\u00e9 dos Campos, para passar a data com a irm\u00e3. Ela sempre quis me ver trabalhando como Papai Noel mas nunca deu certo, s\u00f3 me via por fotos.\u201d Quando Francisco contou para a m\u00e3e que este ano iria trabalhar para a ACE, em Jundia\u00ed, dona C\u00edcera foi logo pedindo: \u201cN\u00e3o tem como passar aqui para eu te ver?\u201d<\/p>\n<p>Francisco, um filho presente e atencioso, n\u00e3o conseguiu negar o pedido. Ao passar pelo bairro onde dona C\u00edcera mora, parou. E a emo\u00e7\u00e3o tomou conta de todos que acompanharam. \u201cDe longe ela olhava, chorava e dizia: \u2018\u00e9 meu Francisco, \u00e9 meu Francisco\u2019. N\u00e3o tem como eu n\u00e3o me emocionar.\u201d<\/p>\n<p>Noel Francisco est\u00e1 rodando os bairros no Caminh\u00e3o da ACE Jundia\u00ed at\u00e9 domingo.\u00a0 Nesta quinta o percurso \u00e9 na regi\u00e3o do Castanho e Jardim Santa Gertrudes, onde o Caminh\u00e3o estaciona \u00e0s 18 horas na rua Padre Norberto Mojota, 40. Na sexta, das 14 \u00e0s 19 horas, o Caminh\u00e3o Encantado passa pelo Parque Centen\u00e1rio, Morada das Vinhas, Jardim Bonfiglioli e Vila Comercial. \u00a0S\u00e1bado, a partir das 9 horas, o Caminh\u00e3o passa pelo Medeiros e Eloy Chaves, e das 14 \u00e0s 16 horas estaciona no Centro. Para encerrar a a\u00e7\u00e3o de Natal da ACE Jundia\u00ed, no domingo o Caminh\u00e3o Encantado percorre a regi\u00e3o Central das 9 \u00e0s 16 horas.<\/p>\n<p><em>(Fonte\/Imagem: ACE Jundia\u00ed)<\/em><\/p>\n","protected":false},"excerpt":{"rendered":"<p>Noel Francisco est\u00e1 rodando os bairros no Caminh\u00e3o da ACE Jundia\u00ed at\u00e9 domingo<\/p>\n","protected":false},"author":10,"featured_media":22063,"comment_status":"closed","ping_status":"closed","sticky":false,"template":"","format":"standard","meta":{"footnotes":""},"categories":[2834,2824],"tags":[3381,5,742],"class_list":["post-22062","post","type-post","status-publish","format-standard","has-post-thumbnail","hentry","category-cidades","category-variedades","tag-ace-jundiai","tag-jundiai","tag-natal"],"_links":{"self":[{"href":"https:\/\/tvtecjundiai.com.br\/news\/wp-json\/wp\/v2\/posts\/22062","targetHints":{"allow":["GET"]}}],"collection":[{"href":"https:\/\/tvtecjundiai.com.br\/news\/wp-json\/wp\/v2\/posts"}],"about":[{"href":"https:\/\/tvtecjundiai.com.br\/news\/wp-json\/wp\/v2\/types\/post"}],"author":[{"embeddable":true,"href":"https:\/\/tvtecjundiai.com.br\/news\/wp-json\/wp\/v2\/users\/10"}],"replies":[{"embeddable":true,"href":"https:\/\/tvtecjundiai.com.br\/news\/wp-json\/wp\/v2\/comments?post=22062"}],"version-history":[{"count":1,"href":"https:\/\/tvtecjundiai.com.br\/news\/wp-json\/wp\/v2\/posts\/22062\/revisions"}],"predecessor-version":[{"id":22064,"href":"https:\/\/tvtecjundiai.com.br\/news\/wp-json\/wp\/v2\/posts\/22062\/revisions\/22064"}],"wp:featuredmedia":[{"embeddable":true,"href":"https:\/\/tvtecjundiai.com.br\/news\/wp-json\/wp\/v2\/media\/22063"}],"wp:attachment":[{"href":"https:\/\/tvtecjundiai.com.br\/news\/wp-json\/wp\/v2\/media?parent=22062"}],"wp:term":[{"taxonomy":"category","embeddable":true,"href":"https:\/\/tvtecjundiai.com.br\/news\/wp-json\/wp\/v2\/categories?post=22062"},{"taxonomy":"post_tag","embeddable":true,"href":"https:\/\/tvtecjundiai.com.br\/news\/wp-json\/wp\/v2\/tags?post=22062"}],"curies":[{"name":"wp","href":"https:\/\/api.w.org\/{rel}","templated":true}]}}