{"id":22122,"date":"2018-12-26T09:28:39","date_gmt":"2018-12-26T11:28:39","guid":{"rendered":"https:\/\/tvtecjundiai.com.br\/news\/?p=22122"},"modified":"2018-12-26T10:49:59","modified_gmt":"2018-12-26T12:49:59","slug":"mais-de-600-familias-foram-beneficiadas-pelo-natal-solidario","status":"publish","type":"post","link":"https:\/\/tvtecjundiai.com.br\/news\/2018\/12\/26\/mais-de-600-familias-foram-beneficiadas-pelo-natal-solidario\/","title":{"rendered":"Mais de 600 fam\u00edlias foram beneficiadas pelo &#8216;Natal Solid\u00e1rio&#8217;"},"content":{"rendered":"<p>A Prefeitura de Jundia\u00ed, por meio do Fundo Social de Solidariedade, realizou, no \u00faltimo s\u00e1bado (22), na Emeb\u00a0Ant\u00f4nio Adelino Marques da Silva Brand\u00e3o, a entrega de\u00a01.255 brinquedos para os assistidos da ONG Para\u00edso\u00a0que atende a regi\u00e3o do bairro Parque Morada das Vinhas. Com a doa\u00e7\u00e3o, 656 fam\u00edlias foram beneficiadas diretamente. \u201cEsta parceria com o Poder P\u00fablico \u00e9 maravilhosa porque refor\u00e7a o nosso trabalho, realizado h\u00e1 mais de 20 anos\u201d, disse Rita Venafre, volunt\u00e1ria da entidade, representando o presidente Nivaldo Monteiro.<\/p>\n<div id=\"attachment_22124\" style=\"width: 410px\" class=\"wp-caption alignleft\"><a href=\"https:\/\/tvtecjundiai.com.br\/news\/wp-content\/uploads\/sites\/2\/2018\/12\/natal_solidario_roca.jpg\"><img loading=\"lazy\" decoding=\"async\" aria-describedby=\"caption-attachment-22124\" class=\"wp-image-22124\" src=\"https:\/\/tvtecjundiai.com.br\/news\/wp-content\/uploads\/sites\/2\/2018\/12\/natal_solidario_roca-300x200.jpg\" alt=\"\" width=\"400\" height=\"267\" srcset=\"https:\/\/tvtecjundiai.com.br\/news\/wp-content\/uploads\/sites\/2\/2018\/12\/natal_solidario_roca-300x200.jpg 300w, https:\/\/tvtecjundiai.com.br\/news\/wp-content\/uploads\/sites\/2\/2018\/12\/natal_solidario_roca-768x512.jpg 768w, https:\/\/tvtecjundiai.com.br\/news\/wp-content\/uploads\/sites\/2\/2018\/12\/natal_solidario_roca-1200x800.jpg 1200w, https:\/\/tvtecjundiai.com.br\/news\/wp-content\/uploads\/sites\/2\/2018\/12\/natal_solidario_roca.jpg 1280w\" sizes=\"auto, (max-width: 400px) 100vw, 400px\" \/><\/a><p id=\"caption-attachment-22124\" class=\"wp-caption-text\">Roca Brasil foi uma das empresas colaboradoras com a edi\u00e7\u00e3o deste ano<\/p><\/div>\n<p>Jaime Carlos S\u00e3o Jos\u00e9, de 70 anos, foi o primeiro a receber os brinquedos para os tr\u00eas netos,\u00a0no bairro Morada das Vinhas. \u201cLevantei cedo porque n\u00e3o poderia perder esta oportunidade. Afinal, comprar brinquedo, nos dias de hoje, n\u00e3o est\u00e1 f\u00e1cil\u201d, disse. J\u00e1 Joselaine Godoi, m\u00e3e de tr\u00eas filhos, foi acompanhada do mais velho, Gabriel, de 10 anos. A operadora de produ\u00e7\u00e3o mora no bairro h\u00e1 dois anos e ficou feliz com a Campanha Natal Solid\u00e1rio, desenvolvida pela Prefeitura de Jundia\u00ed, por meio do Fundo Social de Solidariedade (Funss). \u201cSinceramente, n\u00e3o teria condi\u00e7\u00f5es de comprar presentes para todos. Estes brinquedos ser\u00e3o os \u00fanicos que eles ganhar\u00e3o neste Natal\u201d, contou.<\/p>\n<p>Em 2018, a Campanha Natal Solid\u00e1rio ganhou o refor\u00e7o de empres\u00e1rios que aderiram ao projeto \u2018Carta ao Papai Noel\u2019, idealizado pela Rede Jundia\u00ed de Coopera\u00e7\u00e3o, vinculado \u00e0 Unidade de Gest\u00e3o de Governo e Finan\u00e7as (UGGF). A parceria entre a Prefeitura de Jundia\u00ed e a iniciativa privada permitiu expandir o trabalho, beneficiando 15 mil crian\u00e7as, com idade entre zero e 12 anos, assistidas pelas entidades com cadastro atualizado no Funss. Em 2017, foram doados cerca de 11 mil brinquedos. \u201cO resultado n\u00e3o poderia ser melhor, que \u00e9 ver o sorriso destas e tantas outras crian\u00e7as que receberam um presente novo neste Natal\u201d, afirmou o prefeito Luiz Fernando Machado, representando a presidente do Fundo Social, Vanessa Machado.<\/p>\n<p>Ao todo, 24 empresas confirmaram a participa\u00e7\u00e3o e contribu\u00edram com parte da compra de brinquedos novos. Os demais itens foram adquiridos pela Prefeitura. Entre elas, estava a Roca Brasil, que tamb\u00e9m direcionou cerca de 50 volunt\u00e1rios para colaborar na distribui\u00e7\u00e3o dos presentes.<\/p>\n<p><em>(Fonte e imagem: Prefeitura de Jundia\u00ed)<\/em><\/p>\n","protected":false},"excerpt":{"rendered":"<p>A entrega dos 1.255 brinquedos foi realizada no \u00faltimo s\u00e1bado (22)<\/p>\n","protected":false},"author":11,"featured_media":22123,"comment_status":"closed","ping_status":"closed","sticky":false,"template":"","format":"standard","meta":{"footnotes":""},"categories":[29,1,2824],"tags":[2112,61,153,556],"class_list":["post-22122","post","type-post","status-publish","format-standard","has-post-thumbnail","hentry","category-destaque","category-noticias","category-variedades","tag-cidades","tag-fundo-social-de-solidariedade","tag-natal-solidario","tag-noticias"],"_links":{"self":[{"href":"https:\/\/tvtecjundiai.com.br\/news\/wp-json\/wp\/v2\/posts\/22122","targetHints":{"allow":["GET"]}}],"collection":[{"href":"https:\/\/tvtecjundiai.com.br\/news\/wp-json\/wp\/v2\/posts"}],"about":[{"href":"https:\/\/tvtecjundiai.com.br\/news\/wp-json\/wp\/v2\/types\/post"}],"author":[{"embeddable":true,"href":"https:\/\/tvtecjundiai.com.br\/news\/wp-json\/wp\/v2\/users\/11"}],"replies":[{"embeddable":true,"href":"https:\/\/tvtecjundiai.com.br\/news\/wp-json\/wp\/v2\/comments?post=22122"}],"version-history":[{"count":3,"href":"https:\/\/tvtecjundiai.com.br\/news\/wp-json\/wp\/v2\/posts\/22122\/revisions"}],"predecessor-version":[{"id":22142,"href":"https:\/\/tvtecjundiai.com.br\/news\/wp-json\/wp\/v2\/posts\/22122\/revisions\/22142"}],"wp:featuredmedia":[{"embeddable":true,"href":"https:\/\/tvtecjundiai.com.br\/news\/wp-json\/wp\/v2\/media\/22123"}],"wp:attachment":[{"href":"https:\/\/tvtecjundiai.com.br\/news\/wp-json\/wp\/v2\/media?parent=22122"}],"wp:term":[{"taxonomy":"category","embeddable":true,"href":"https:\/\/tvtecjundiai.com.br\/news\/wp-json\/wp\/v2\/categories?post=22122"},{"taxonomy":"post_tag","embeddable":true,"href":"https:\/\/tvtecjundiai.com.br\/news\/wp-json\/wp\/v2\/tags?post=22122"}],"curies":[{"name":"wp","href":"https:\/\/api.w.org\/{rel}","templated":true}]}}