{"id":22144,"date":"2018-12-26T11:20:46","date_gmt":"2018-12-26T13:20:46","guid":{"rendered":"https:\/\/tvtecjundiai.com.br\/news\/?p=22144"},"modified":"2018-12-26T12:20:13","modified_gmt":"2018-12-26T14:20:13","slug":"abono-salarial-deve-ser-sacado-ate-sexta-28","status":"publish","type":"post","link":"https:\/\/tvtecjundiai.com.br\/news\/2018\/12\/26\/abono-salarial-deve-ser-sacado-ate-sexta-28\/","title":{"rendered":"Abono Salarial deve ser sacado at\u00e9 sexta (28)"},"content":{"rendered":"<p>O prazo para saque do abono salarial termina nesta sexta-feira (28).\u00a0Inicialmente, o prazo limite era 29 de junho, mas a prorroga\u00e7\u00e3o foi autorizada em julho por resolu\u00e7\u00e3o do Conselho Deliberativo do Fundo de Amparo ao Trabalhador (Codefat).\u00a0Cerca de 7,5% dos trabalhadores com direito ao recurso ainda n\u00e3o sacaram o dinheiro.<\/p>\n<div id=\"attachment_22145\" style=\"width: 410px\" class=\"wp-caption alignleft\"><a href=\"https:\/\/tvtecjundiai.com.br\/news\/wp-content\/uploads\/sites\/2\/2018\/12\/carteira_de_trabalho.jpg\"><img loading=\"lazy\" decoding=\"async\" aria-describedby=\"caption-attachment-22145\" class=\"wp-image-22145\" src=\"https:\/\/tvtecjundiai.com.br\/news\/wp-content\/uploads\/sites\/2\/2018\/12\/carteira_de_trabalho-300x200.jpg\" alt=\"\" width=\"400\" height=\"267\" srcset=\"https:\/\/tvtecjundiai.com.br\/news\/wp-content\/uploads\/sites\/2\/2018\/12\/carteira_de_trabalho-300x200.jpg 300w, https:\/\/tvtecjundiai.com.br\/news\/wp-content\/uploads\/sites\/2\/2018\/12\/carteira_de_trabalho-768x512.jpg 768w, https:\/\/tvtecjundiai.com.br\/news\/wp-content\/uploads\/sites\/2\/2018\/12\/carteira_de_trabalho.jpg 1140w\" sizes=\"auto, (max-width: 400px) 100vw, 400px\" \/><\/a><p id=\"caption-attachment-22145\" class=\"wp-caption-text\">A quantia a que cada trabalhador tem direito depende do tempo em que ele trabalhou formalmente em 2016<\/p><\/div>\n<p>At\u00e9 o momento, j\u00e1 foram pagos R$ 16,7 bilh\u00f5es para 22,7 mil trabalhadores. A regi\u00e3o com maior percentual de benefici\u00e1rios a receber o Abono 2016 \u00e9 a Centro-Oeste, onde 11,63% das pessoas com direito ao recurso ainda n\u00e3o foram ao banco receber o benef\u00edcio.\u00a0O estado com mais trabalhadores que ainda n\u00e3o retiraram o dinheiro \u00e9 S\u00e3o Paulo. S\u00e3o 410,5 mil pessoas, ou 6,95% do total de benefici\u00e1rios. O valor ainda dispon\u00edvel para esses trabalhadores \u00e9 mais de R$ 297 milh\u00f5es.<\/p>\n<p>Tem direito ao abono salarial ano-base 2016 quem estava inscrito nos programas de Integra\u00e7\u00e3o Social (PIS) e de Forma\u00e7\u00e3o do Patrim\u00f4nio do Servidor P\u00fablico (Pasep) h\u00e1, pelo menos, cinco anos, trabalhou formalmente por pelo menos 30 dias em 2016 com remunera\u00e7\u00e3o mensal m\u00e9dia de at\u00e9 dois sal\u00e1rios m\u00ednimos e teve seus dados informados corretamente pelo empregador na Rela\u00e7\u00e3o Anual de Informa\u00e7\u00f5es Sociais (RAIS).<\/p>\n<p><em>(Fonte e imagem: Ag\u00eancia Brasil)<\/em><\/p>\n","protected":false},"excerpt":{"rendered":"<p>J\u00e1 foram pagos R$ 16,7 bilh\u00f5es para 22,7 mil trabalhadores<\/p>\n","protected":false},"author":11,"featured_media":22145,"comment_status":"closed","ping_status":"closed","sticky":false,"template":"","format":"standard","meta":{"footnotes":""},"categories":[2834,2829,1],"tags":[2304,1903,346,556,2126],"class_list":["post-22144","post","type-post","status-publish","format-standard","has-post-thumbnail","hentry","category-cidades","category-economia","category-noticias","tag-abono-salarial","tag-brasil","tag-economia","tag-noticias","tag-saque"],"_links":{"self":[{"href":"https:\/\/tvtecjundiai.com.br\/news\/wp-json\/wp\/v2\/posts\/22144","targetHints":{"allow":["GET"]}}],"collection":[{"href":"https:\/\/tvtecjundiai.com.br\/news\/wp-json\/wp\/v2\/posts"}],"about":[{"href":"https:\/\/tvtecjundiai.com.br\/news\/wp-json\/wp\/v2\/types\/post"}],"author":[{"embeddable":true,"href":"https:\/\/tvtecjundiai.com.br\/news\/wp-json\/wp\/v2\/users\/11"}],"replies":[{"embeddable":true,"href":"https:\/\/tvtecjundiai.com.br\/news\/wp-json\/wp\/v2\/comments?post=22144"}],"version-history":[{"count":6,"href":"https:\/\/tvtecjundiai.com.br\/news\/wp-json\/wp\/v2\/posts\/22144\/revisions"}],"predecessor-version":[{"id":22156,"href":"https:\/\/tvtecjundiai.com.br\/news\/wp-json\/wp\/v2\/posts\/22144\/revisions\/22156"}],"wp:featuredmedia":[{"embeddable":true,"href":"https:\/\/tvtecjundiai.com.br\/news\/wp-json\/wp\/v2\/media\/22145"}],"wp:attachment":[{"href":"https:\/\/tvtecjundiai.com.br\/news\/wp-json\/wp\/v2\/media?parent=22144"}],"wp:term":[{"taxonomy":"category","embeddable":true,"href":"https:\/\/tvtecjundiai.com.br\/news\/wp-json\/wp\/v2\/categories?post=22144"},{"taxonomy":"post_tag","embeddable":true,"href":"https:\/\/tvtecjundiai.com.br\/news\/wp-json\/wp\/v2\/tags?post=22144"}],"curies":[{"name":"wp","href":"https:\/\/api.w.org\/{rel}","templated":true}]}}