{"id":2229,"date":"2017-10-28T12:01:30","date_gmt":"2017-10-28T14:01:30","guid":{"rendered":"https:\/\/tvtecjundiai.com.br\/news\/?p=2229"},"modified":"2017-10-28T12:03:23","modified_gmt":"2017-10-28T14:03:23","slug":"cidades-dae-realiza-obra-no-jardim-primavera","status":"publish","type":"post","link":"https:\/\/tvtecjundiai.com.br\/news\/2017\/10\/28\/cidades-dae-realiza-obra-no-jardim-primavera\/","title":{"rendered":"Cidades: DAE realiza obra no Jardim Primavera"},"content":{"rendered":"<p>A DAE realiza neste fim de semana uma obra na rua Jos\u00e9 Leme do Prado, no Jardim Primavera, que envolve servi\u00e7os nas redes de esgoto e de galerias de \u00e1guas pluviais, em parceria com a Prefeitura de Jundia\u00ed.<\/p>\n<p><strong>LEIA TAMB\u00c9M:<br \/>\n<a href=\"https:\/\/tvtecjundiai.com.br\/news\/2017\/10\/28\/economia-mrs-assina-compromisso-do-estudo-de-impacto-para-terminal-ferroviario\/\">Economia: MRS assina termo para iniciar Estudo de Impacto<\/a><\/strong><\/p>\n<p>Como explica a DAE, em v\u00eddeo publicado em sua p\u00e1gina no Facebook, a interven\u00e7\u00e3o \u00e9 complexa, j\u00e1 que no local existem duas adutoras, fibra \u00f3ptica, redes de g\u00e1s e de telefonia. \u201cPor este motivo, a mesma est\u00e1 sendo realizada por trechos, com cautela, de modo a garantir a seguran\u00e7a da \u00e1rea e a integridade f\u00edsica dos servidores que ali trabalham\u201d, informa a nota.<\/p>\n<p>No v\u00eddeo que circula nas redes sociais, o engenheiro Alexandre diz que entende o transtorno causado no bairro, onde sua equipe trabalha em valas com at\u00e9 tr\u00eas metros de profundidade. \u201cA partir de segunda-feira estaremos entrando com uma segunda equipe aqui, com uma for\u00e7a tarefa, para pelo menos recompor os trechos onde foi feito o remanejamento da rede de esgoto\u201d, disse o engenheiro.<\/p>\n<p><em>Fonte: DAE Jundia\u00ed<\/em><\/p>\n<p><strong>Assista ao v\u00eddeo da DAE no local da obra:<\/strong><\/p>\n<p><iframe loading=\"lazy\" src=\"https:\/\/www.facebook.com\/plugins\/video.php?href=https%3A%2F%2Fwww.facebook.com%2Fdaejundiai%2Fvideos%2F741238542747594%2F&#038;show_text=0&#038;width=267\" width=\"267\" height=\"476\" style=\"border:none;overflow:hidden\" scrolling=\"no\" frameborder=\"0\" allowTransparency=\"true\" allowFullScreen=\"true\"><\/iframe><\/p>\n","protected":false},"excerpt":{"rendered":"<p>A\u00e7\u00e3o envolve servi\u00e7os nas redes de esgoto e de galerias de \u00e1guas pluviais<\/p>\n","protected":false},"author":6,"featured_media":2230,"comment_status":"closed","ping_status":"closed","sticky":false,"template":"","format":"standard","meta":{"footnotes":""},"categories":[1],"tags":[94,438,1188,5,750],"class_list":["post-2229","post","type-post","status-publish","format-standard","has-post-thumbnail","hentry","category-noticias","tag-dae","tag-dae-jundiai","tag-jardim-primavera","tag-jundiai","tag-obras"],"_links":{"self":[{"href":"https:\/\/tvtecjundiai.com.br\/news\/wp-json\/wp\/v2\/posts\/2229","targetHints":{"allow":["GET"]}}],"collection":[{"href":"https:\/\/tvtecjundiai.com.br\/news\/wp-json\/wp\/v2\/posts"}],"about":[{"href":"https:\/\/tvtecjundiai.com.br\/news\/wp-json\/wp\/v2\/types\/post"}],"author":[{"embeddable":true,"href":"https:\/\/tvtecjundiai.com.br\/news\/wp-json\/wp\/v2\/users\/6"}],"replies":[{"embeddable":true,"href":"https:\/\/tvtecjundiai.com.br\/news\/wp-json\/wp\/v2\/comments?post=2229"}],"version-history":[{"count":3,"href":"https:\/\/tvtecjundiai.com.br\/news\/wp-json\/wp\/v2\/posts\/2229\/revisions"}],"predecessor-version":[{"id":2233,"href":"https:\/\/tvtecjundiai.com.br\/news\/wp-json\/wp\/v2\/posts\/2229\/revisions\/2233"}],"wp:featuredmedia":[{"embeddable":true,"href":"https:\/\/tvtecjundiai.com.br\/news\/wp-json\/wp\/v2\/media\/2230"}],"wp:attachment":[{"href":"https:\/\/tvtecjundiai.com.br\/news\/wp-json\/wp\/v2\/media?parent=2229"}],"wp:term":[{"taxonomy":"category","embeddable":true,"href":"https:\/\/tvtecjundiai.com.br\/news\/wp-json\/wp\/v2\/categories?post=2229"},{"taxonomy":"post_tag","embeddable":true,"href":"https:\/\/tvtecjundiai.com.br\/news\/wp-json\/wp\/v2\/tags?post=2229"}],"curies":[{"name":"wp","href":"https:\/\/api.w.org\/{rel}","templated":true}]}}