{"id":22299,"date":"2018-12-28T12:03:12","date_gmt":"2018-12-28T14:03:12","guid":{"rendered":"https:\/\/tvtecjundiai.com.br\/news\/?p=22299"},"modified":"2018-12-28T13:53:18","modified_gmt":"2018-12-28T15:53:18","slug":"ministerio-do-planejamento-divulga-lista-de-feriados-de-2019-1","status":"publish","type":"post","link":"https:\/\/tvtecjundiai.com.br\/news\/2018\/12\/28\/ministerio-do-planejamento-divulga-lista-de-feriados-de-2019-1\/","title":{"rendered":"Minist\u00e9rio do Planejamento divulga lista de feriados de 2019"},"content":{"rendered":"<p>O Minist\u00e9rio do Planejamento publicou nesta sexta-feira (28) a lista de feriados e pontos facultativos da administra\u00e7\u00e3o federal de 2019.\u00a0Por se tratar da esfera federal, a lista n\u00e3o inclui feriados de estados e munic\u00edpios.<\/p>\n<p>Confira a lista:<\/p>\n<ul class=\"content-unordered-list\">\n<li><strong>1\u00ba de janeiro:<\/strong>\u00a0Confraterniza\u00e7\u00e3o Universal (feriado nacional);<\/li>\n<li><strong>04 de mar\u00e7o<\/strong>, Carnaval (ponto facultativo);<\/li>\n<li><strong>05 de mar\u00e7o<\/strong>, Carnaval (ponto facultativo);<\/li>\n<li><strong>06 de mar\u00e7o<\/strong>, quarta-feira de cinzas (ponto facultativo at\u00e9 as 14 horas);<\/li>\n<li><strong>19 de abril<\/strong>, Paix\u00e3o de Cristo (feriado nacional);<\/li>\n<li><strong>21 de abril<\/strong>, Tiradentes (feriado nacional);<\/li>\n<li><strong>1\u00ba de maio<\/strong>, Dia Mundial do Trabalho (feriado nacional);<\/li>\n<li><strong>20 de junho<\/strong>, Corpus Christi (ponto facultativo);<\/li>\n<li><strong>7 de setembro<\/strong>, Independ\u00eancia do Brasil (feriado nacional);<\/li>\n<li><strong>12 de outubro<\/strong>, Nossa Senhora Aparecida (feriado nacional);<\/li>\n<li><strong>28 de outubro<\/strong>, Dia do Servidor P\u00fablico (ponto facultativo);<\/li>\n<li><strong>2 de novembro<\/strong>, Finados (feriado nacional);<\/li>\n<li><strong>15 de novembro<\/strong>, Proclama\u00e7\u00e3o da Rep\u00fablica (feriado nacional);<\/li>\n<li><strong>24 de dezembro<\/strong>, v\u00e9spera de natal (ponto facultativo ap\u00f3s \u00e0s 14 horas);<\/li>\n<li><strong>25 de dezembro<\/strong>, Natal (feriado nacional); e<\/li>\n<li><strong>31 de dezembro<\/strong>, v\u00e9spera de ano novo (ponto facultativo ap\u00f3s \u00e0s 14 horas)<\/li>\n<\/ul>\n<p><em>(Fonte: G1)<\/em><\/p>\n","protected":false},"excerpt":{"rendered":"<p>Rela\u00e7\u00e3o n\u00e3o inclui munic\u00edpios e estados brasileiros, por ser na esfera federal <\/p>\n","protected":false},"author":11,"featured_media":22312,"comment_status":"closed","ping_status":"closed","sticky":false,"template":"","format":"standard","meta":{"footnotes":""},"categories":[2834,1],"tags":[1903,2112,4568,556],"class_list":["post-22299","post","type-post","status-publish","format-standard","has-post-thumbnail","hentry","category-cidades","category-noticias","tag-brasil","tag-cidades","tag-feriados-2019","tag-noticias"],"_links":{"self":[{"href":"https:\/\/tvtecjundiai.com.br\/news\/wp-json\/wp\/v2\/posts\/22299","targetHints":{"allow":["GET"]}}],"collection":[{"href":"https:\/\/tvtecjundiai.com.br\/news\/wp-json\/wp\/v2\/posts"}],"about":[{"href":"https:\/\/tvtecjundiai.com.br\/news\/wp-json\/wp\/v2\/types\/post"}],"author":[{"embeddable":true,"href":"https:\/\/tvtecjundiai.com.br\/news\/wp-json\/wp\/v2\/users\/11"}],"replies":[{"embeddable":true,"href":"https:\/\/tvtecjundiai.com.br\/news\/wp-json\/wp\/v2\/comments?post=22299"}],"version-history":[{"count":2,"href":"https:\/\/tvtecjundiai.com.br\/news\/wp-json\/wp\/v2\/posts\/22299\/revisions"}],"predecessor-version":[{"id":22313,"href":"https:\/\/tvtecjundiai.com.br\/news\/wp-json\/wp\/v2\/posts\/22299\/revisions\/22313"}],"wp:featuredmedia":[{"embeddable":true,"href":"https:\/\/tvtecjundiai.com.br\/news\/wp-json\/wp\/v2\/media\/22312"}],"wp:attachment":[{"href":"https:\/\/tvtecjundiai.com.br\/news\/wp-json\/wp\/v2\/media?parent=22299"}],"wp:term":[{"taxonomy":"category","embeddable":true,"href":"https:\/\/tvtecjundiai.com.br\/news\/wp-json\/wp\/v2\/categories?post=22299"},{"taxonomy":"post_tag","embeddable":true,"href":"https:\/\/tvtecjundiai.com.br\/news\/wp-json\/wp\/v2\/tags?post=22299"}],"curies":[{"name":"wp","href":"https:\/\/api.w.org\/{rel}","templated":true}]}}