{"id":22339,"date":"2019-01-02T09:47:52","date_gmt":"2019-01-02T11:47:52","guid":{"rendered":"https:\/\/tvtecjundiai.com.br\/news\/?p=22339"},"modified":"2019-01-02T09:50:40","modified_gmt":"2019-01-02T11:50:40","slug":"confianca-empresarial-e-a-maior-em-4-anos-e-9-meses","status":"publish","type":"post","link":"https:\/\/tvtecjundiai.com.br\/news\/2019\/01\/02\/confianca-empresarial-e-a-maior-em-4-anos-e-9-meses\/","title":{"rendered":"Confian\u00e7a Empresarial \u00e9 a maior em 4 anos e 9 meses"},"content":{"rendered":"<p>O \u00cdndice de Confian\u00e7a Empresarial (ICE) subiu 1,0 ponto em dezembro, indo a 95,9 pontos, o maior n\u00edvel desde os 97,8 de mar\u00e7o de 2014. Na m\u00e9trica de m\u00e9dias m\u00f3veis trimestrais, o \u00edndice avan\u00e7ou 1,9 ponto. Os dados fazem parte da Sondagens de \u00cdndices de Confian\u00e7a Empresarial, e foram divulgados hoje (2), no Rio de Janeiro, pelo Instituto Brasileiro de Economia da Funda\u00e7\u00e3o Getulio Vargas (FGV IBRE).<\/p>\n<p><a href=\"https:\/\/tvtecjundiai.com.br\/news\/wp-content\/uploads\/sites\/2\/2019\/01\/compras_no_comercio.jpg\"><img loading=\"lazy\" decoding=\"async\" class=\"size-medium wp-image-22346 alignleft\" src=\"https:\/\/tvtecjundiai.com.br\/news\/wp-content\/uploads\/sites\/2\/2019\/01\/compras_no_comercio-300x200.jpg\" alt=\"\" width=\"300\" height=\"200\" srcset=\"https:\/\/tvtecjundiai.com.br\/news\/wp-content\/uploads\/sites\/2\/2019\/01\/compras_no_comercio-300x200.jpg 300w, https:\/\/tvtecjundiai.com.br\/news\/wp-content\/uploads\/sites\/2\/2019\/01\/compras_no_comercio.jpg 754w\" sizes=\"auto, (max-width: 300px) 100vw, 300px\" \/><\/a><\/p>\n<p>O ICE consolida os \u00edndices de confian\u00e7a dos quatro setores cobertos pelas Sondagens Empresariais produzidas pela FGV IBRE: ind\u00fastria, servi\u00e7os, com\u00e9rcio e constru\u00e7\u00e3o. Os dados indicam que o \u00cdndice de Situa\u00e7\u00e3o Atual (ISA) subiu 1,1 ponto, para 91,2, o maior valor desde os 92,8 pontos de junho de 2014.<\/p>\n<p>J\u00e1 o \u00cdndice de Expectativas (IE-E) avan\u00e7ou 0,2 ponto, indo para 101,0. \u00c9 segundo m\u00eas consecutivo em que o IE-E ultrapassa 100 pontos. Na avalia\u00e7\u00e3o do superintendente de Estat\u00edsticas P\u00fablicas da FGV, Aloisio Campelo Jr., o \u00edndice de confian\u00e7a do empresariado vem se aproximando da normalidade. \u201cAp\u00f3s a terceira alta consecutiva, a confian\u00e7a empresarial se aproxima de n\u00edveis que retratam uma situa\u00e7\u00e3o de normalidade\u201d disse.<\/p>\n<p><strong><em>Fonte e foto: Ag\u00eancia Brasil<\/em><\/strong><\/p>\n","protected":false},"excerpt":{"rendered":"<p>O \u00edndice de 95,9 \u00e9 o maior desde os 97,8 de mar\u00e7o de 2014<\/p>\n","protected":false},"author":8,"featured_media":0,"comment_status":"closed","ping_status":"closed","sticky":false,"template":"","format":"standard","meta":{"footnotes":""},"categories":[29,2829,1],"tags":[1958,4573],"class_list":["post-22339","post","type-post","status-publish","format-standard","hentry","category-destaque","category-economia","category-noticias","tag-confianca-do-empresario","tag-ice"],"_links":{"self":[{"href":"https:\/\/tvtecjundiai.com.br\/news\/wp-json\/wp\/v2\/posts\/22339","targetHints":{"allow":["GET"]}}],"collection":[{"href":"https:\/\/tvtecjundiai.com.br\/news\/wp-json\/wp\/v2\/posts"}],"about":[{"href":"https:\/\/tvtecjundiai.com.br\/news\/wp-json\/wp\/v2\/types\/post"}],"author":[{"embeddable":true,"href":"https:\/\/tvtecjundiai.com.br\/news\/wp-json\/wp\/v2\/users\/8"}],"replies":[{"embeddable":true,"href":"https:\/\/tvtecjundiai.com.br\/news\/wp-json\/wp\/v2\/comments?post=22339"}],"version-history":[{"count":9,"href":"https:\/\/tvtecjundiai.com.br\/news\/wp-json\/wp\/v2\/posts\/22339\/revisions"}],"predecessor-version":[{"id":22349,"href":"https:\/\/tvtecjundiai.com.br\/news\/wp-json\/wp\/v2\/posts\/22339\/revisions\/22349"}],"wp:attachment":[{"href":"https:\/\/tvtecjundiai.com.br\/news\/wp-json\/wp\/v2\/media?parent=22339"}],"wp:term":[{"taxonomy":"category","embeddable":true,"href":"https:\/\/tvtecjundiai.com.br\/news\/wp-json\/wp\/v2\/categories?post=22339"},{"taxonomy":"post_tag","embeddable":true,"href":"https:\/\/tvtecjundiai.com.br\/news\/wp-json\/wp\/v2\/tags?post=22339"}],"curies":[{"name":"wp","href":"https:\/\/api.w.org\/{rel}","templated":true}]}}