{"id":22479,"date":"2019-01-03T12:43:47","date_gmt":"2019-01-03T14:43:47","guid":{"rendered":"https:\/\/tvtecjundiai.com.br\/news\/?p=22479"},"modified":"2019-01-03T12:43:47","modified_gmt":"2019-01-03T14:43:47","slug":"programacao-do-polytheama-em-janeiro-e-voltada-para-a-criancada","status":"publish","type":"post","link":"https:\/\/tvtecjundiai.com.br\/news\/2019\/01\/03\/programacao-do-polytheama-em-janeiro-e-voltada-para-a-criancada\/","title":{"rendered":"Programa\u00e7\u00e3o do Polytheama em janeiro \u00e9 voltada para a crian\u00e7ada"},"content":{"rendered":"<p>Durante o m\u00eas de janeiro, o Teatro Polytheama ter\u00e1 programa\u00e7\u00e3o dedicada \u00e0s f\u00e9rias da crian\u00e7ada com dois espet\u00e1culos gratuitos e duas oficinas culturais para crian\u00e7as de 8 a 14 anos.\u00a0A primeira delas, \u201cOficininho\u201d, ser\u00e1 realizada no s\u00e1bado (19), a partir das 9 horas. J\u00e1 no dia 27, ocorrer\u00e1 a estreia da nova Cia de Teatro de Jundia\u00ed com o espet\u00e1culo \u201cO Ninho\u201d, na tradicional Sess\u00e3o Matin\u00ea no Poly, \u00e0s 16 horas.<\/p>\n<div id=\"attachment_22480\" style=\"width: 410px\" class=\"wp-caption alignright\"><a href=\"https:\/\/tvtecjundiai.com.br\/news\/wp-content\/uploads\/sites\/2\/2019\/01\/polytheama-211.jpg\"><img loading=\"lazy\" decoding=\"async\" aria-describedby=\"caption-attachment-22480\" class=\"wp-image-22480\" src=\"https:\/\/tvtecjundiai.com.br\/news\/wp-content\/uploads\/sites\/2\/2019\/01\/polytheama-211-300x205.jpg\" alt=\"\" width=\"400\" height=\"274\" srcset=\"https:\/\/tvtecjundiai.com.br\/news\/wp-content\/uploads\/sites\/2\/2019\/01\/polytheama-211-300x205.jpg 300w, https:\/\/tvtecjundiai.com.br\/news\/wp-content\/uploads\/sites\/2\/2019\/01\/polytheama-211-768x526.jpg 768w, https:\/\/tvtecjundiai.com.br\/news\/wp-content\/uploads\/sites\/2\/2019\/01\/polytheama-211-1200x822.jpg 1200w, https:\/\/tvtecjundiai.com.br\/news\/wp-content\/uploads\/sites\/2\/2019\/01\/polytheama-211.jpg 1260w\" sizes=\"auto, (max-width: 400px) 100vw, 400px\" \/><\/a><p id=\"caption-attachment-22480\" class=\"wp-caption-text\">Em fun\u00e7\u00e3o do per\u00edodo de f\u00e9rias, programa\u00e7\u00e3o do Poly ser\u00e1 focada nas crian\u00e7as<\/p><\/div>\n<p>No dia 20, a partir das 16 horas, o espet\u00e1culo \u201cPoetas da Cor\u201d, da Cia Druw, trar\u00e1 uma chuva de cores ao palco do teatro. Os ingressos gratuitos poder\u00e3o ser retirados na bilheteria, a partir do dia 19 de janeiro. Para o espet\u00e1culo \u201cO Ninho\u201d, a retirada dos ingressos ser\u00e1 no dia 26, das 14 \u00e0s 17 horas. Poder\u00e3o ser retirados dois ingressos por CPF para cada espet\u00e1culo. No dia 26, a partir das 9 horas, ser\u00e1 a vez da Cia Jovem de Dan\u00e7a de Jundia\u00ed, juntamente com o Corpo Art\u00edstico do Teatro Polytheama, oferecer sua Oficina de Dan\u00e7a para Crian\u00e7as. Haver\u00e1 improvisa\u00e7\u00f5es e jogos para incentivar a liberdade no corpo das crian\u00e7as.<\/p>\n<p>As inscri\u00e7\u00f5es gratuitas para as oficinas ser\u00e3o realizadas conforme ordem de chegada, entre 15 e 17 de janeiro, das 13 \u00e0s 17 horas, no Teatro Polytheama, com um limite de 20 vagas. Cada pai ou respons\u00e1vel poder\u00e1 efetuar at\u00e9 duas inscri\u00e7\u00f5es. No ato da inscri\u00e7\u00e3o, dever\u00e3o ser apresentados <strong>RG e\/ou Certid\u00e3o de Nascimento da crian\u00e7a e comprovante de resid\u00eancia, pois as inscri\u00e7\u00f5es s\u00e3o abertas apenas para mun\u00edcipes jundiaienses<\/strong>.<\/p>\n<p>O Teatro Polytheama fica na rua Bar\u00e3o de Jundia\u00ed, 175, Centro, e os telefones para contato s\u00e3o (11) 4586-2472 e 4522-0770, com atendimento de segunda a sexta-feira, das 8 \u00e0s 17 horas.<\/p>\n<p><em>(Fonte\/Imagem: Prefeitura de Jundia\u00ed)<\/em><\/p>\n","protected":false},"excerpt":{"rendered":"<p>Oficinas e espet\u00e1culos gratuitos fazem parte da programa\u00e7\u00e3o<\/p>\n","protected":false},"author":10,"featured_media":22480,"comment_status":"closed","ping_status":"closed","sticky":false,"template":"","format":"standard","meta":{"footnotes":""},"categories":[2834,2833],"tags":[1855,10],"class_list":["post-22479","post","type-post","status-publish","format-standard","has-post-thumbnail","hentry","category-cidades","category-cultura","tag-ferias","tag-teatro-polytheama"],"_links":{"self":[{"href":"https:\/\/tvtecjundiai.com.br\/news\/wp-json\/wp\/v2\/posts\/22479","targetHints":{"allow":["GET"]}}],"collection":[{"href":"https:\/\/tvtecjundiai.com.br\/news\/wp-json\/wp\/v2\/posts"}],"about":[{"href":"https:\/\/tvtecjundiai.com.br\/news\/wp-json\/wp\/v2\/types\/post"}],"author":[{"embeddable":true,"href":"https:\/\/tvtecjundiai.com.br\/news\/wp-json\/wp\/v2\/users\/10"}],"replies":[{"embeddable":true,"href":"https:\/\/tvtecjundiai.com.br\/news\/wp-json\/wp\/v2\/comments?post=22479"}],"version-history":[{"count":1,"href":"https:\/\/tvtecjundiai.com.br\/news\/wp-json\/wp\/v2\/posts\/22479\/revisions"}],"predecessor-version":[{"id":22481,"href":"https:\/\/tvtecjundiai.com.br\/news\/wp-json\/wp\/v2\/posts\/22479\/revisions\/22481"}],"wp:featuredmedia":[{"embeddable":true,"href":"https:\/\/tvtecjundiai.com.br\/news\/wp-json\/wp\/v2\/media\/22480"}],"wp:attachment":[{"href":"https:\/\/tvtecjundiai.com.br\/news\/wp-json\/wp\/v2\/media?parent=22479"}],"wp:term":[{"taxonomy":"category","embeddable":true,"href":"https:\/\/tvtecjundiai.com.br\/news\/wp-json\/wp\/v2\/categories?post=22479"},{"taxonomy":"post_tag","embeddable":true,"href":"https:\/\/tvtecjundiai.com.br\/news\/wp-json\/wp\/v2\/tags?post=22479"}],"curies":[{"name":"wp","href":"https:\/\/api.w.org\/{rel}","templated":true}]}}